{"id":62565,"date":"2020-09-21T09:03:13","date_gmt":"2020-09-21T12:03:13","guid":{"rendered":"https:\/\/catolicanet.net\/wp-cnet\/?p=62565"},"modified":"2020-09-21T13:04:55","modified_gmt":"2020-09-21T16:04:55","slug":"bispos-dos-regionais-oeste-1-e-2-da-cnbb-emitem-carta-aberta-sobre-a-queimada-no-pantanal-a-pior-para-o-mes-de-setembro-diz-inpe","status":"publish","type":"post","link":"https:\/\/catolicanet.net\/wp-cnet\/bispos-dos-regionais-oeste-1-e-2-da-cnbb-emitem-carta-aberta-sobre-a-queimada-no-pantanal-a-pior-para-o-mes-de-setembro-diz-inpe\/","title":{"rendered":"BISPOS DOS REGIONAIS OESTE 1 E 2 DA CNBB EMITEM CARTA ABERTA SOBRE A QUEIMADA NO PANTANAL \u2013 A PIOR PARA O M\u00caS DE SETEMBRO, DIZ INPE"},"content":{"rendered":"<p style=\"text-align: justify;\">O bioma Pantanal tem enfrentado a pior queimada desde 1998, quando teve in\u00edcio o monitoramento e, mesmo ainda n\u00e3o tendo chegado ao fim o m\u00eas setembro deste ano j\u00e1 \u00e9 o pior da hist\u00f3ria desse m\u00eas, mostra os dados divulgados na \u00faltima quinta-feira, 18 de setembro, pelo Instituto Nacional de Pesquisas Espaciais (Inpe).<\/p>\n<figure id=\"attachment_249203\" class=\"wp-caption alignleft\" style=\"text-align: justify;\" aria-describedby=\"caption-attachment-249203\"><img loading=\"lazy\" decoding=\"async\" class=\"wp-image-249203  lazyloaded\" src=\"https:\/\/eadn-wc02-718006.nxedge.io\/cdn\/wp-content\/uploads\/2020\/09\/pantanal-768x488-1-300x191.jpg\" sizes=\"auto, (max-width: 342px) 100vw, 342px\" srcset=\"https:\/\/eadn-wc02-718006.nxedge.io\/cdn\/wp-content\/uploads\/2020\/09\/pantanal-768x488-1-300x191.jpg 300w, https:\/\/eadn-wc02-718006.nxedge.io\/cdn\/wp-content\/uploads\/2020\/09\/pantanal-768x488-1-500x318.jpg 500w, https:\/\/eadn-wc02-718006.nxedge.io\/cdn\/wp-content\/uploads\/2020\/09\/pantanal-768x488-1.jpg 768w\" alt=\"\" width=\"342\" height=\"218\" data-srcset=\"https:\/\/eadn-wc02-718006.nxedge.io\/cdn\/wp-content\/uploads\/2020\/09\/pantanal-768x488-1-300x191.jpg 300w, https:\/\/eadn-wc02-718006.nxedge.io\/cdn\/wp-content\/uploads\/2020\/09\/pantanal-768x488-1-500x318.jpg 500w, https:\/\/eadn-wc02-718006.nxedge.io\/cdn\/wp-content\/uploads\/2020\/09\/pantanal-768x488-1.jpg 768w\" data-src=\"https:\/\/eadn-wc02-718006.nxedge.io\/cdn\/wp-content\/uploads\/2020\/09\/pantanal-768x488-1-300x191.jpg\" data-sizes=\"(max-width: 342px) 100vw, 342px\" \/><figcaption id=\"caption-attachment-249203\" class=\"wp-caption-text\"><em>Foto: Divulga\u00e7\u00e3o<\/em><\/figcaption><\/figure>\n<p style=\"text-align: justify;\">Diante dessa realidade os bispos dos Regionais Oeste 1 e 2 da Confer\u00eancia Nacional dos Bispos do Brasil (CNBB), que abrange os estados do Mato Grosso e Mato Grosso do Sul, emitiram uma carta aberta sobre a queimada do Pantanal.<\/p>\n<p style=\"text-align: justify;\">O documento reivindica\u00a0<em>\u201cque as autoridades se empenhem e se mobilizem com a m\u00e1xima urg\u00eancia e que seja feita uma investiga\u00e7\u00e3o s\u00e9ria, responsabilizando e punindo os poss\u00edveis culpados com a repara\u00e7\u00e3o justa e necess\u00e1ria pelos danos causados\u201d<\/em><\/p>\n<p style=\"text-align: justify;\">Os bispos pedem na carta que as a\u00e7\u00f5es emergenciais s\u00e3o necess\u00e1rias, mas n\u00e3o bastam;<em>\u00a0\u201c\u00e9 preciso desenvolver e aplicar pol\u00edticas p\u00fablicas s\u00e9rias de preven\u00e7\u00e3o e de prote\u00e7\u00e3o a curto, m\u00e9dio e longo prazo\u201d<\/em>, destaca o trecho do documento.<\/p>\n<p style=\"text-align: justify;\">De acordo com o Minist\u00e9rio do Meio Ambiente, o Pantanal \u00e9 um dos menores biomas existentes no Brasil e est\u00e1 localizado na regi\u00e3o Centro-Oeste, mais precisamente no sul do estado do Mato Grosso e no noroeste do estado do Mato Grosso do Sul, al\u00e9m de poder ser encontrado no Paraguai e na Bol\u00edvia.<\/p>\n<p style=\"text-align: justify;\">Segundo o Inpe, s\u00f3 em setembro j\u00e1 s\u00e3o mais de 5,2 mil focos de calor, duas vezes mais do que o registrado em nos 30 dias de setembro de 2019. O levantamento do instituto aponta que entre janeiro e setembro, foram registrados 15.756 focos de inc\u00eandio no Pantanal. No mesmo per\u00edodo de 2019, foram 5.109 focos.<\/p>\n<p style=\"text-align: justify;\"><em><strong>Leia a carta na \u00edntegra:<\/strong><\/em><\/p>\n<h4 style=\"text-align: justify;\"><strong>CARTA ABERTA<\/strong><\/h4>\n<h4 style=\"text-align: justify;\">\u201cA Cria\u00e7\u00e3o geme e sofre dores de parto\u201d (Rm 8,22)<\/h4>\n<p style=\"text-align: justify;\">Os Regionais Oeste 1 e Oeste 2 da CNBB, especialmente atrav\u00e9s de suas Dioceses pantaneiras: Diocese de Corumb\u00e1\/MS, Diocese de Jardim\/MS, Diocese de Coxim\/MS, Diocese de S\u00e3o Luiz de C\u00e1ceres\/MT e Diocese de\u00a0Rondon\u00f3polis\/Guiratinga\/MT, registram profunda preocupa\u00e7\u00e3o com as terr\u00edveis queimadas no Pantanal.<\/p>\n<p style=\"text-align: justify;\">Manifestamos nossa solidariedade e compromisso com todos que est\u00e3o sensibilizados e envolvidos com a causa ambiental: militares, bombeiros, brigadistas, servidores e volunt\u00e1rios, bem como os irm\u00e3os e irm\u00e3s ribeirinhos, pantaneiros e ind\u00edgenas, que dependem diretamente deste bioma para sua sobreviv\u00eancia. Lamentamos, ao mesmo tempo, o desmonte das inst\u00e2ncias de fiscaliza\u00e7\u00e3o e puni\u00e7\u00e3o e denunciamos as provid\u00eancias insuficientes e tardias que favorecem este inc\u00eandio sem controle e que est\u00e1 queimando tudo e matando a Vida.<\/p>\n<p style=\"text-align: justify;\">H\u00e1 um pedido de socorro, um grito que n\u00e3o quer e n\u00e3o pode se calar, dos humanos sens\u00edveis e conscientes, das comunidades tradicionais, das popula\u00e7\u00f5es ind\u00edgenas, da terra, dos animais, das aves, das \u00e1guas, das plantas, da vegeta\u00e7\u00e3o nativa, de \u00e1rvores centen\u00e1rias. E um clamor para que os povos tradicionais sejam valorizados e apoiados, a fim de continuarem sendo agentes de prote\u00e7\u00e3o e cuidado da natureza.<\/p>\n<p style=\"text-align: justify;\">Reivindicamos que as autoridades se empenhem e se mobilizem com a m\u00e1xima urg\u00eancia e que seja feita uma investiga\u00e7\u00e3o s\u00e9ria, responsabilizando e punindo os poss\u00edveis culpados com a repara\u00e7\u00e3o justa e necess\u00e1ria pelos danos causados. As a\u00e7\u00f5es emergenciais s\u00e3o necess\u00e1rias, mas n\u00e3o bastam; \u00e9 preciso desenvolver e aplicar pol\u00edticas p\u00fablicas s\u00e9rias de preven\u00e7\u00e3o e de prote\u00e7\u00e3o a curto, m\u00e9dio e longo prazo.<\/p>\n<p style=\"text-align: justify;\">A Igreja se une num forte grito pela defesa, promo\u00e7\u00e3o e cuidado com a Vida, em todas as suas formas e express\u00f5es. \u00c9 preciso conter e apagar o fogo que vai avan\u00e7ando com poder destruidor, e assim salvar o Pantanal.<\/p>\n<p style=\"text-align: justify;\">\u201d Hoje, a voz da cria\u00e7\u00e3o incita-nos, alarmada, a regressar ao lugar certo na ordem natural, lembrando-nos que somos parte, n\u00e3o patr\u00f5es da rede interligada da vida.\u201d (Papa Francisco)<\/p>\n<p style=\"text-align: justify;\"><strong>Dom Dimas Lara Barbosa<br \/>\n<\/strong>Arcebispo de Campo Grande e Presidente do Regional Oeste 1<\/p>\n<p style=\"text-align: justify;\"><strong>Dom Can\u00edsio Klaus<br \/>\n<\/strong>Bispo de Sinop e Presidente do Regional Oeste 2<\/p>\n<p style=\"text-align: justify;\"><strong>Dom Jo\u00e3o Aparecido Bergamasco (Bispo de Corumb\u00e1)<\/strong><\/p>\n<p style=\"text-align: justify;\"><strong>Dom Jo\u00e3o Gilberto de Moura (Bispo de Jardim)<\/strong><\/p>\n<p style=\"text-align: justify;\"><strong>Dom Antonino Migliore (Bispo de Coxim)<\/strong><\/p>\n<p style=\"text-align: justify;\"><strong>Dom Jacy Diniz Rocha (Bispo de C\u00e1ceres)<\/strong><\/p>\n<p style=\"text-align: justify;\"><strong>Dom Jos\u00e9 Vieira de Lima (Bispo Em\u00e9rito de C\u00e1ceres)<\/strong><\/p>\n<p style=\"text-align: justify;\"><strong>Dom Juventino Kestering (Bispo de Rondon\u00f3polis-Guiratinga)<\/strong><\/p>\n","protected":false},"excerpt":{"rendered":"<p>O bioma Pantanal tem enfrentado a pior queimada desde 1998, quando teve in\u00edcio o monitoramento e, mesmo ainda n\u00e3o tendo chegado ao fim o m\u00eas setembro deste ano j\u00e1 \u00e9 o pior da hist\u00f3ria desse m\u00eas, mostra os dados divulgados na \u00faltima quinta-feira, 18 de setembro, pelo Instituto Nacional de Pesquisas Espaciais (Inpe). Foto: Divulga\u00e7\u00e3o [&hellip;]<\/p>\n","protected":false},"author":1,"featured_media":62566,"comment_status":"open","ping_status":"closed","sticky":false,"template":"","format":"standard","meta":{"footnotes":""},"categories":[7,13],"tags":[],"class_list":["post-62565","post","type-post","status-publish","format-standard","has-post-thumbnail","hentry","category-cnbb","category-featured"],"_links":{"self":[{"href":"https:\/\/catolicanet.net\/wp-cnet\/wp-json\/wp\/v2\/posts\/62565","targetHints":{"allow":["GET"]}}],"collection":[{"href":"https:\/\/catolicanet.net\/wp-cnet\/wp-json\/wp\/v2\/posts"}],"about":[{"href":"https:\/\/catolicanet.net\/wp-cnet\/wp-json\/wp\/v2\/types\/post"}],"author":[{"embeddable":true,"href":"https:\/\/catolicanet.net\/wp-cnet\/wp-json\/wp\/v2\/users\/1"}],"replies":[{"embeddable":true,"href":"https:\/\/catolicanet.net\/wp-cnet\/wp-json\/wp\/v2\/comments?post=62565"}],"version-history":[{"count":1,"href":"https:\/\/catolicanet.net\/wp-cnet\/wp-json\/wp\/v2\/posts\/62565\/revisions"}],"predecessor-version":[{"id":62567,"href":"https:\/\/catolicanet.net\/wp-cnet\/wp-json\/wp\/v2\/posts\/62565\/revisions\/62567"}],"wp:featuredmedia":[{"embeddable":true,"href":"https:\/\/catolicanet.net\/wp-cnet\/wp-json\/wp\/v2\/media\/62566"}],"wp:attachment":[{"href":"https:\/\/catolicanet.net\/wp-cnet\/wp-json\/wp\/v2\/media?parent=62565"}],"wp:term":[{"taxonomy":"category","embeddable":true,"href":"https:\/\/catolicanet.net\/wp-cnet\/wp-json\/wp\/v2\/categories?post=62565"},{"taxonomy":"post_tag","embeddable":true,"href":"https:\/\/catolicanet.net\/wp-cnet\/wp-json\/wp\/v2\/tags?post=62565"}],"curies":[{"name":"wp","href":"https:\/\/api.w.org\/{rel}","templated":true}]}}