{"id":62562,"date":"2020-09-21T08:57:30","date_gmt":"2020-09-21T11:57:30","guid":{"rendered":"https:\/\/catolicanet.net\/wp-cnet\/?p=62562"},"modified":"2020-09-21T12:59:49","modified_gmt":"2020-09-21T15:59:49","slug":"universidades-catolicas-na-pos-pandemia-formar-mentes-iluminadas-para-um-futuro-sustentavel","status":"publish","type":"post","link":"https:\/\/catolicanet.net\/wp-cnet\/universidades-catolicas-na-pos-pandemia-formar-mentes-iluminadas-para-um-futuro-sustentavel\/","title":{"rendered":"Universidades cat\u00f3licas na p\u00f3s-pandemia: formar mentes iluminadas para um futuro sustent\u00e1vel"},"content":{"rendered":"<div class=\"article__subTitle\" style=\"text-align: justify;\">Em v\u00e9spera de Pacto Educativo Global, lan\u00e7ado pelo Papa e marcado para 15 de outubro, em modalidade virtual, a It\u00e1lia celebrou neste domingo (20) o Dia da Universidade Cat\u00f3lica. Em mensagem do secret\u00e1rio de Estado do Vaticano, cardeal Pietro Parolin, a necessidade gerada pela p\u00f3s-pandemia de, al\u00e9m do ensino e da pesquisa, a miss\u00e3o da educa\u00e7\u00e3o integral para formar \u201cpersonalidades que, com cora\u00e7\u00e3o s\u00e1bio, mente iluminada, m\u00e3os trabalhadoras e f\u00e9 s\u00f3lida sejam capazes de acompanhar a humanidade rumo a um futuro sustent\u00e1vel e melhor&#8221;.<\/div>\n<div class=\"title__separator\" style=\"text-align: justify;\"><\/div>\n<div class=\"article__text\">\n<p style=\"text-align: justify;\"><b>Andressa Collet, Alessandro De Carolis \u2013 Vatican News<\/b><\/p>\n<div style=\"text-align: justify;\">\n<div class=\"article__embed article__embed--unwrap article__embed--dark\">\n<div class=\"article__innerTitle\">Ou\u00e7a a reportagem e compartilhe<\/div>\n<div>\n<!--[if lt IE 9]><script>document.createElement('audio');<\/script><![endif]-->\n<audio class=\"wp-audio-shortcode\" id=\"audio-62562-1\" preload=\"none\" style=\"width: 100%;\" controls=\"controls\"><source type=\"audio\/mpeg\" src=\"https:\/\/media.vaticannews.va\/media\/audio\/s1\/2020\/09\/21\/12\/135723687_F135723687.mp3?_=1\" \/><a href=\"https:\/\/media.vaticannews.va\/media\/audio\/s1\/2020\/09\/21\/12\/135723687_F135723687.mp3\">https:\/\/media.vaticannews.va\/media\/audio\/s1\/2020\/09\/21\/12\/135723687_F135723687.mp3<\/a><\/audio>\n<\/div>\n<\/div>\n<\/div>\n<p style=\"text-align: justify;\">A It\u00e1lia comemorou neste domingo, 20 de setembro, a edi\u00e7\u00e3o de n\u00famero 96 do\u00a0<a href=\"http:\/\/giornatauniversitacattolica.it\/\" target=\"_blank\" rel=\"external nofollow noopener noreferrer\">Dia da Universidade Cat\u00f3lica<\/a>, \u00e0s v\u00e9speras do\u00a0<a href=\"https:\/\/www.educationglobalcompact.org\/r\" target=\"_blank\" rel=\"external nofollow noopener noreferrer\">Pacto Educativo Global<\/a>, evento mundial lan\u00e7ado pelo Papa Francisco e marcado para ser realizado virtualmente em 15 de outubro. Neste ano, em meio \u00e0 retomada p\u00f3s-pandemia e a partir do tema \u201cAliados pelo futuro\u201d, a comunidade universit\u00e1ria acredita representar uma grande contribui\u00e7\u00e3o para oferecer \u00e0 Igreja e ao pa\u00eds a forma\u00e7\u00e3o e a pesquisa como uma alian\u00e7a entre as gera\u00e7\u00f5es.<\/p>\n<p style=\"text-align: justify;\">Al\u00e9m de uma celebra\u00e7\u00e3o eucar\u00edstica transmitida ao vivo pela RAI, a jornada especial tamb\u00e9m contou com uma mensagem enviada pelo cardeal Pietro Parolin, por ocasi\u00e3o do Dia da Universidade Cat\u00f3lica. Nas considera\u00e7\u00f5es do secret\u00e1rio de Estado do Vaticano e num per\u00edodo em que a pandemia mudou muitos equil\u00edbrios, s\u00e3o necess\u00e1rias mentes iluminadas \u201ccapazes de acompanhar a humanidade rumo a um futuro sustent\u00e1vel e melhor\u201d.<\/p>\n<p style=\"text-align: justify;\">Hoje, al\u00e9m do ensino e pesquisa, uma universidade &#8211; ainda mais se cat\u00f3lica &#8211; tem uma &#8220;terceira miss\u00e3o&#8221; a cumprir que \u00e9 a &#8220;educa\u00e7\u00e3o integral&#8221; do estudante na qual valores como o di\u00e1logo, a solidariedade e a partilha sejam constitutivos da sua prepara\u00e7\u00e3o como das compet\u00eancias cient\u00edficas.<\/p>\n<h2 style=\"text-align: justify;\">Atua\u00e7\u00e3o eficiente diante do v\u00edrus<\/h2>\n<p style=\"text-align: justify;\">Na carta enviada ao arcebispo de Mil\u00e3o, dom Mario Delpini, tamb\u00e9m presidente do Instituto de Estudos Superiores &#8220;Giuseppe Toniolo&#8221;, Parolin buscou no tema da jornada, &#8220;Aliados pelo futuro&#8221;, que a crise do coronav\u00edrus enriqueceu de &#8220;novos significados&#8221; e &#8220;responsabilidades peculiares&#8221;. Por exemplo, de forma evidente, citou o cardeal, os cuidados oferecidos pelo Policl\u00ednico Gemelli a milhares de pessoas afetadas pela Covid-19, tornando-se, assim, uma &#8220;organiza\u00e7\u00e3o de sa\u00fade eficiente&#8221; e com &#8220;rigor \u00e9tico&#8221;, demonstrando a &#8220;tarefa educacional de uma universidade cat\u00f3lica&#8221;.<\/p>\n<h2 style=\"text-align: justify;\">Um saber a ser repensado<\/h2>\n<p style=\"text-align: justify;\">O secret\u00e1rio de Estado tamb\u00e9m afirmou que, &#8220;da economia \u00e0s finan\u00e7as, da jurisprud\u00eancia \u00e0s ci\u00eancias sociais, \u00e9 necess\u00e1rio repensar os crit\u00e9rios de desenvolvimento que n\u00e3o podem mais ser fonte de discrimina\u00e7\u00e3o e desigualdade no acesso aos bens e \u00e0 prote\u00e7\u00e3o, inclusive no setor da sa\u00fade&#8221;. E o cardeal Parolin prosseguiu:<\/p>\n<div style=\"text-align: justify;\">\n<div class=\"article__embed article__embed--border embed_style\">\n<blockquote><p>\u201cAssim como da filosofia \u00e0s l\u00ednguas, das ci\u00eancias da forma\u00e7\u00e3o \u00e0 psicologia, \u00e9 urgente recuperar a centralidade do ser humano e redefinir as suas responsabilidades em uma sociedade em r\u00e1pida mudan\u00e7a, onde enormes desafios relacionados ao meio ambiente, \u00e0 educa\u00e7\u00e3o, \u00e0s migra\u00e7\u00f5es exigem an\u00e1lise e solu\u00e7\u00f5es inovadoras inspiradas no bem integral da pessoa, na justi\u00e7a, na fraternidade e na conviv\u00eancia pac\u00edfica entre os povos.\u201d<\/p><\/blockquote>\n<\/div>\n<\/div>\n<h2 style=\"text-align: justify;\">Formar mentes e cora\u00e7\u00f5es proeminentes<\/h2>\n<p style=\"text-align: justify;\">Na mensagem, o cardeal afirmou que essas &#8220;s\u00e3o as perspectivas sobre as quais devemos trabalhar se realmente queremos ser \u2018Aliados pelo futuro\u2019 e dar uma virada significativa ao caminho da humanidade&#8221;. Os 100 anos da Universidade Cat\u00f3lica do Sagrado Cora\u00e7\u00e3o, escreveu o cardeal, representam o objetivo que era do Padre Agostino Gemelli e das origens, aquele de &#8220;formar personalidades cat\u00f3licas capazes de influenciar a hist\u00f3ria do pa\u00eds e contribuir para a miss\u00e3o da Igreja&#8221;. Uma exig\u00eancia ainda atual, pois, observou o secret\u00e1rio, &#8220;por muitas raz\u00f5es hoje s\u00e3o necess\u00e1rias ainda mais personalidades que, com cora\u00e7\u00e3o s\u00e1bio, mente iluminada, m\u00e3os trabalhadoras e f\u00e9 s\u00f3lida sejam capazes de acompanhar a humanidade rumo a um futuro sustent\u00e1vel e melhor&#8221;.<\/p>\n<h2 style=\"text-align: justify;\">Ampla alian\u00e7a educacional<\/h2>\n<p style=\"text-align: justify;\">Assim, e por muitas vezes reiterado como desejo do Papa Francisco, a import\u00e2ncia de se &#8220;reconstruir o pacto educativo global&#8221;. O cardeal escreveu que o Pont\u00edfice &#8220;deseja, de cora\u00e7\u00e3o, que a miss\u00e3o da universidade dos cat\u00f3licos italianos seja realizada cada vez mais em plena harmonia com esse projeto, porque \u201cmais do que nunca\u201d &#8211; citando a mensagem papal sobre o pacto educativo \u2013 \u201ch\u00e1 necessidade de unir os esfor\u00e7os em uma ampla alian\u00e7a educativa para formar pessoas maduros, capaz de superar fragmenta\u00e7\u00f5es e oposi\u00e7\u00f5es e reconstruir o tecido de rela\u00e7\u00f5es para uma humanidade mais fraterna\u201d.<\/p>\n<\/div>\n","protected":false},"excerpt":{"rendered":"<p>Em v\u00e9spera de Pacto Educativo Global, lan\u00e7ado pelo Papa e marcado para 15 de outubro, em modalidade virtual, a It\u00e1lia celebrou neste domingo (20) o Dia da Universidade Cat\u00f3lica. Em mensagem do secret\u00e1rio de Estado do Vaticano, cardeal Pietro Parolin, a necessidade gerada pela p\u00f3s-pandemia de, al\u00e9m do ensino e da pesquisa, a miss\u00e3o da [&hellip;]<\/p>\n","protected":false},"author":1,"featured_media":62563,"comment_status":"open","ping_status":"closed","sticky":false,"template":"","format":"standard","meta":{"footnotes":""},"categories":[3],"tags":[],"class_list":["post-62562","post","type-post","status-publish","format-standard","has-post-thumbnail","hentry","category-vaticano"],"_links":{"self":[{"href":"https:\/\/catolicanet.net\/wp-cnet\/wp-json\/wp\/v2\/posts\/62562","targetHints":{"allow":["GET"]}}],"collection":[{"href":"https:\/\/catolicanet.net\/wp-cnet\/wp-json\/wp\/v2\/posts"}],"about":[{"href":"https:\/\/catolicanet.net\/wp-cnet\/wp-json\/wp\/v2\/types\/post"}],"author":[{"embeddable":true,"href":"https:\/\/catolicanet.net\/wp-cnet\/wp-json\/wp\/v2\/users\/1"}],"replies":[{"embeddable":true,"href":"https:\/\/catolicanet.net\/wp-cnet\/wp-json\/wp\/v2\/comments?post=62562"}],"version-history":[{"count":1,"href":"https:\/\/catolicanet.net\/wp-cnet\/wp-json\/wp\/v2\/posts\/62562\/revisions"}],"predecessor-version":[{"id":62564,"href":"https:\/\/catolicanet.net\/wp-cnet\/wp-json\/wp\/v2\/posts\/62562\/revisions\/62564"}],"wp:featuredmedia":[{"embeddable":true,"href":"https:\/\/catolicanet.net\/wp-cnet\/wp-json\/wp\/v2\/media\/62563"}],"wp:attachment":[{"href":"https:\/\/catolicanet.net\/wp-cnet\/wp-json\/wp\/v2\/media?parent=62562"}],"wp:term":[{"taxonomy":"category","embeddable":true,"href":"https:\/\/catolicanet.net\/wp-cnet\/wp-json\/wp\/v2\/categories?post=62562"},{"taxonomy":"post_tag","embeddable":true,"href":"https:\/\/catolicanet.net\/wp-cnet\/wp-json\/wp\/v2\/tags?post=62562"}],"curies":[{"name":"wp","href":"https:\/\/api.w.org\/{rel}","templated":true}]}}