{"id":6254,"date":"2015-08-05T14:48:56","date_gmt":"2015-08-05T17:48:56","guid":{"rendered":"http:\/\/catolicanet.net\/wp-cnet\/francisco-casais-de-segunda-uniao-fazem-parte-da-igreja\/"},"modified":"2017-04-10T16:25:45","modified_gmt":"2017-04-10T19:25:45","slug":"francisco-casais-de-segunda-uniao-fazem-parte-da-igreja","status":"publish","type":"post","link":"https:\/\/catolicanet.net\/wp-cnet\/francisco-casais-de-segunda-uniao-fazem-parte-da-igreja\/","title":{"rendered":"Francisco: casais de segunda uni\u00e3o fazem parte da Igreja"},"content":{"rendered":"<p style=\"text-align: justify;\"><img decoding=\"async\" src=\"http:\/\/catolicanet.com.br\/images\/stories\/geral\/casais5.jpg\" border=\"0\" align=\"left\" \/>O Papa retomou nesta quarta-feira (5\/8), na Sala Paulo VI, as Audi\u00eancias gerais ap\u00f3s um m\u00eas de pausa. Francisco prosseguiu com o tema da Fam\u00edlia cujo contexto, desta vez, foi forjado a partir de uma nova quest\u00e3o sobre as \u201cfam\u00edlias feridas\u201d.<\/p>\n<p>O Pont\u00edfice convidou a refletir como se pode cuidar das pessoas que, diante do \u201cirrevers\u00edvel fracasso\u201d do casamento, partiram para uma segunda uni\u00e3o. \u201cEstas pessoas n\u00e3o foram absolutamente excomungadas \u2013 n\u00e3o foram excomungadas \u2013 e n\u00e3o devem absolutamente ser tratadas como tal: elas fazem sempre parte da Igreja\u201d, disse o Papa.<\/p>\n<p>Olhar de m\u00e3e<\/p>\n<p>\u201cA Igreja bem sabe que tal situa\u00e7\u00e3o contradiz o Sacramento crist\u00e3o. Todavia, o seu olhar de mestra parte sempre de um cora\u00e7\u00e3o de m\u00e3e; um cora\u00e7\u00e3o que, animado pelo Esp\u00edrito Santo, procura sempre o bem e a salva\u00e7\u00e3o das pessoas. \u00c9 por isso que a Igreja sente o dever, \u2018pelo amor da verdade\u2019, de \u2018discernir bem as situa\u00e7\u00f5es\u2019\u201d, afirmou Francisco.<\/p>\n<p>Olhar dos filhos<\/p>\n<p>O Papa recordou ainda que, se a quest\u00e3o das segundas uni\u00f5es passa a ser observada a partir da percep\u00e7\u00e3o dos filhos \u2013 um grande n\u00famero de crian\u00e7as e adolescentes que s\u00e3o os que mais sofrem, destacou o Papa \u2013, torna-se ainda mais urgente \u201cdesenvolver nas nossas comunidades uma verdadeira acolhida das pessoas que vivem tais situa\u00e7\u00f5es\u201d, exortou o Pont\u00edfice.<\/p>\n<p>\u201cComo poder\u00edamos recomendar a estes pais que fa\u00e7am tudo para educar os filhos \u00e0 vida crist\u00e3, dando a eles exemplo de uma f\u00e9 convicta e vivida, se os mantiv\u00e9ssemos longe da vida da comunidade?\u201d, questionou Francisco.<\/p>\n<p>\u201cN\u00e3o devemos adicionar outros pesos al\u00e9m daqueles que os filhos, nestas situa\u00e7\u00f5es, j\u00e1 devem carregar\u201d prosseguiu o Papa, afirmando ainda que \u201c\u00e9 importante que eles sintam a Igreja como m\u00e3e atenta a todos, sempre disposta a escuta e ao encontro\u201d.<\/p>\n<p>Igreja no tempo<\/p>\n<p>Francisco tamb\u00e9m disse que, nas \u00faltimas d\u00e9cadas, a Igreja n\u00e3o ficou \u201cinsens\u00edvel\u201d e \u201cpregui\u00e7osa\u201d em rela\u00e7\u00e3o \u00e0 quest\u00e3o das segundas uni\u00f5es gra\u00e7as ao aprofundamento levado adiante pelos Pastores e confirmado pelos seus predecessores.<\/p>\n<p>\u201cCresceu muito a conscientiza\u00e7\u00e3o de que \u00e9 necess\u00e1ria uma fraterna e atenciosa acolhida, no amor e na verdade, aos batizados que estabeleceram uma nova conviv\u00eancia ap\u00f3s o fracasso do matrim\u00f4nio sacramental\u201d, destacou Francisco.<\/p>\n<p>Por fim, afirmando que a Igreja deve estar com as portas sempre abertas, o Papa convidou todos os crist\u00e3os a imitar o exemplo do Bom Pastor colaborando com Ele nos cuidados \u00e0s fam\u00edlias feridas.<\/p>\n<p>Nossa Senhora<\/p>\n<p>Antes de conceder a B\u00ean\u00e7\u00e3o Apost\u00f3lica, o Papa rezou uma Ave Maria em homenagem a Nossa Senhora Salus Popoli Romani (Salva\u00e7\u00e3o do Povo Romano) celebrada hoje e venerada na Igreja de Santa Maria Maior, em Roma. Este \u00e9 o primeiro templo dedicado no Ocidente a Nossa Senhora, onde o Papa constuma rezar sempre que parte e retorna de suas viagens apost\u00f3licas internacionais.<\/p>\n<p style=\"text-align: justify;\">Fonte: R\u00e1dio Vaticano<\/p>\n","protected":false},"excerpt":{"rendered":"<p>O Papa retomou nesta quarta-feira (5\/8), na Sala Paulo VI, as Audi\u00eancias gerais ap\u00f3s um m\u00eas de pausa. Francisco prosseguiu com o tema da Fam\u00edlia cujo contexto, desta vez, foi forjado a partir de uma nova quest\u00e3o sobre as \u201cfam\u00edlias feridas\u201d. O Pont\u00edfice convidou a refletir como se pode cuidar das pessoas que, diante do [&hellip;]<\/p>\n","protected":false},"author":1,"featured_media":0,"comment_status":"closed","ping_status":"closed","sticky":false,"template":"","format":"standard","meta":{"footnotes":""},"categories":[3],"tags":[],"class_list":["post-6254","post","type-post","status-publish","format-standard","hentry","category-vaticano"],"_links":{"self":[{"href":"https:\/\/catolicanet.net\/wp-cnet\/wp-json\/wp\/v2\/posts\/6254","targetHints":{"allow":["GET"]}}],"collection":[{"href":"https:\/\/catolicanet.net\/wp-cnet\/wp-json\/wp\/v2\/posts"}],"about":[{"href":"https:\/\/catolicanet.net\/wp-cnet\/wp-json\/wp\/v2\/types\/post"}],"author":[{"embeddable":true,"href":"https:\/\/catolicanet.net\/wp-cnet\/wp-json\/wp\/v2\/users\/1"}],"replies":[{"embeddable":true,"href":"https:\/\/catolicanet.net\/wp-cnet\/wp-json\/wp\/v2\/comments?post=6254"}],"version-history":[{"count":1,"href":"https:\/\/catolicanet.net\/wp-cnet\/wp-json\/wp\/v2\/posts\/6254\/revisions"}],"predecessor-version":[{"id":11053,"href":"https:\/\/catolicanet.net\/wp-cnet\/wp-json\/wp\/v2\/posts\/6254\/revisions\/11053"}],"wp:attachment":[{"href":"https:\/\/catolicanet.net\/wp-cnet\/wp-json\/wp\/v2\/media?parent=6254"}],"wp:term":[{"taxonomy":"category","embeddable":true,"href":"https:\/\/catolicanet.net\/wp-cnet\/wp-json\/wp\/v2\/categories?post=6254"},{"taxonomy":"post_tag","embeddable":true,"href":"https:\/\/catolicanet.net\/wp-cnet\/wp-json\/wp\/v2\/tags?post=6254"}],"curies":[{"name":"wp","href":"https:\/\/api.w.org\/{rel}","templated":true}]}}