{"id":6253,"date":"2015-08-05T14:20:32","date_gmt":"2015-08-05T17:20:32","guid":{"rendered":"http:\/\/catolicanet.net\/wp-cnet\/adolescentes-terao-seu-jubileu-no-ano-santo\/"},"modified":"2017-04-10T16:26:15","modified_gmt":"2017-04-10T19:26:15","slug":"adolescentes-terao-seu-jubileu-no-ano-santo","status":"publish","type":"post","link":"https:\/\/catolicanet.net\/wp-cnet\/adolescentes-terao-seu-jubileu-no-ano-santo\/","title":{"rendered":"Adolescentes ter\u00e3o seu Jubileu no Ano Santo"},"content":{"rendered":"<p style=\"text-align: justify;\"><img decoding=\"async\" src=\"http:\/\/catolicanet.com.br\/images\/stories\/geral\/jubileu1.jpg\" border=\"0\" align=\"left\" \/> Os adolescentes viver\u00e3o o seu pr\u00f3prio Jubileu no \u00e2mbito do Ano Santo da Miseric\u00f3rdia convocado pelo Papa Francisco a partir de 8 de dezembro de 2015, Festa da Imaculada Concei\u00e7\u00e3o at\u00e9 20 de novembro de 2016, Solenidade de Cristo Rei.<\/p>\n<p>O Pontif\u00edcio Conselho para a Promo\u00e7\u00e3o da Nova Evangeliza\u00e7\u00e3o informou que os adolescentes entre 13 e 16 anos celebrar\u00e3o este evento em Roma nos dias 23 e 24 de abril, com a possibilidade de permanecerem em Roma at\u00e9 o dia 25. O encontro ter\u00e1 um car\u00e1ter festivo, no estilo das Jornadas Mundiais da Juventude.<\/p>\n<p>O programa ainda n\u00e3o foi divulgado, mas o grupo de trabalho que organiza o evento realiza reuni\u00f5es permanentes. Est\u00e1 prevista uma grande participa\u00e7\u00e3o e, visto a faixa et\u00e1ria, a acolhida ter\u00e1 a marca das JMJ. Alguns momentos fortes deste Jubileu, al\u00e9m da Santa Missa dominical com o Santo Padre, ter\u00e3o a dimens\u00e3o penitencial, com a passagem pela Porta Santa e a celebra\u00e7\u00e3o do Sacramento da Reconcilia\u00e7\u00e3o, al\u00e9m da dimens\u00e3o da alegria, com uma grande festa.<\/p>\n<p>Outro momento interessante, como antecipado pelo dicast\u00e9rio, ser\u00e1 a possibilidade para os grupos participantes de realizar um gesto concreto de Miseric\u00f3rdia, ainda a ser definido. Est\u00e3o sendo preparadas tamb\u00e9m outras atividades, que possibilitar\u00e3o aos grupos que permanecerem na Cidade Eterna a conhecer e viver a Roma Crist\u00e3. O programa completo ser\u00e1 divulgado em breve.<\/p>\n<p style=\"text-align: justify;\">Fonte: R\u00e1dio Vaticano<\/p>\n","protected":false},"excerpt":{"rendered":"<p>Os adolescentes viver\u00e3o o seu pr\u00f3prio Jubileu no \u00e2mbito do Ano Santo da Miseric\u00f3rdia convocado pelo Papa Francisco a partir de 8 de dezembro de 2015, Festa da Imaculada Concei\u00e7\u00e3o at\u00e9 20 de novembro de 2016, Solenidade de Cristo Rei. O Pontif\u00edcio Conselho para a Promo\u00e7\u00e3o da Nova Evangeliza\u00e7\u00e3o informou que os adolescentes entre 13 [&hellip;]<\/p>\n","protected":false},"author":1,"featured_media":0,"comment_status":"closed","ping_status":"closed","sticky":false,"template":"","format":"standard","meta":{"footnotes":""},"categories":[3],"tags":[],"class_list":["post-6253","post","type-post","status-publish","format-standard","hentry","category-vaticano"],"_links":{"self":[{"href":"https:\/\/catolicanet.net\/wp-cnet\/wp-json\/wp\/v2\/posts\/6253","targetHints":{"allow":["GET"]}}],"collection":[{"href":"https:\/\/catolicanet.net\/wp-cnet\/wp-json\/wp\/v2\/posts"}],"about":[{"href":"https:\/\/catolicanet.net\/wp-cnet\/wp-json\/wp\/v2\/types\/post"}],"author":[{"embeddable":true,"href":"https:\/\/catolicanet.net\/wp-cnet\/wp-json\/wp\/v2\/users\/1"}],"replies":[{"embeddable":true,"href":"https:\/\/catolicanet.net\/wp-cnet\/wp-json\/wp\/v2\/comments?post=6253"}],"version-history":[{"count":1,"href":"https:\/\/catolicanet.net\/wp-cnet\/wp-json\/wp\/v2\/posts\/6253\/revisions"}],"predecessor-version":[{"id":11054,"href":"https:\/\/catolicanet.net\/wp-cnet\/wp-json\/wp\/v2\/posts\/6253\/revisions\/11054"}],"wp:attachment":[{"href":"https:\/\/catolicanet.net\/wp-cnet\/wp-json\/wp\/v2\/media?parent=6253"}],"wp:term":[{"taxonomy":"category","embeddable":true,"href":"https:\/\/catolicanet.net\/wp-cnet\/wp-json\/wp\/v2\/categories?post=6253"},{"taxonomy":"post_tag","embeddable":true,"href":"https:\/\/catolicanet.net\/wp-cnet\/wp-json\/wp\/v2\/tags?post=6253"}],"curies":[{"name":"wp","href":"https:\/\/api.w.org\/{rel}","templated":true}]}}