{"id":62521,"date":"2020-09-18T08:47:36","date_gmt":"2020-09-18T11:47:36","guid":{"rendered":"https:\/\/catolicanet.net\/wp-cnet\/?p=62521"},"modified":"2020-09-18T12:48:45","modified_gmt":"2020-09-18T15:48:45","slug":"religioso-marista-joao-gutemberg-sampaio-e-o-novo-secretario-executivo-da-repam","status":"publish","type":"post","link":"https:\/\/catolicanet.net\/wp-cnet\/religioso-marista-joao-gutemberg-sampaio-e-o-novo-secretario-executivo-da-repam\/","title":{"rendered":"RELIGIOSO MARISTA, JO\u00c3O GUTEMBERG SAMPAIO \u00c9 O NOVO SECRET\u00c1RIO EXECUTIVO DA REPAM"},"content":{"rendered":"<p style=\"text-align: justify;\">A secretaria da REPAM, em n\u00edvel pan-amaz\u00f4nico, tem um novo secret\u00e1rio executivo. O religioso marista, Jo\u00e3o Gutemberg Sampaio, foi apresentado na \u00faltima segunda-feira (14) em uma coletiva de imprensa transmitida pelas redes sociais. Os cardeais Cl\u00e1udio Hummes e Pedro Barreto, da diretoria da Rede, fizeram a apresenta\u00e7\u00e3o, al\u00e9m de um balan\u00e7o dos seis anos de atua\u00e7\u00e3o da Rede Eclesial Pan-Amaz\u00f4nica\/REPAM-Brasil.<\/p>\n<p style=\"text-align: justify;\">Durante a coletiva, os cardeais agradeceram a Maur\u00edcio Lopez pelo servi\u00e7o prestado, juntamente com a sua equipe, nos \u00faltimos 6 anos na secretaria executiva da Rede. O Cardeal Cl\u00e1udio Hummes lembrou do servi\u00e7o prestado pela REPAM e do alcance da Rede \u00e0s mais diversas realidades da Amaz\u00f4nia, desde as comunidades eclesiais at\u00e9 as comunidades das popula\u00e7\u00f5es tradicionais.\u00a0<em>\u201cN\u00f3s somos um servi\u00e7o e queremos continuar sendo servi\u00e7o\u201d<\/em>, destacou Hummes sobre o papel da REPAM.<\/p>\n<figure id=\"attachment_249028\" class=\"wp-caption alignleft\" style=\"text-align: justify;\" aria-describedby=\"caption-attachment-249028\"><img loading=\"lazy\" decoding=\"async\" class=\"wp-image-249028  lazyloaded\" src=\"https:\/\/eadn-wc02-718006.nxedge.io\/cdn\/wp-content\/uploads\/2020\/09\/Ir.-Jo%C3%A3o-Gutemberg-Sampaio-novo-secret%C3%A1rio-executivo-da-REPAM-300x146.jpg\" sizes=\"auto, (max-width: 310px) 100vw, 310px\" srcset=\"https:\/\/eadn-wc02-718006.nxedge.io\/cdn\/wp-content\/uploads\/2020\/09\/Ir.-Jo\u00e3o-Gutemberg-Sampaio-novo-secret\u00e1rio-executivo-da-REPAM-300x146.jpg 300w, https:\/\/eadn-wc02-718006.nxedge.io\/cdn\/wp-content\/uploads\/2020\/09\/Ir.-Jo\u00e3o-Gutemberg-Sampaio-novo-secret\u00e1rio-executivo-da-REPAM-500x243.jpg 500w, https:\/\/eadn-wc02-718006.nxedge.io\/cdn\/wp-content\/uploads\/2020\/09\/Ir.-Jo\u00e3o-Gutemberg-Sampaio-novo-secret\u00e1rio-executivo-da-REPAM.jpg 768w\" alt=\"\" width=\"310\" height=\"151\" data-srcset=\"https:\/\/eadn-wc02-718006.nxedge.io\/cdn\/wp-content\/uploads\/2020\/09\/Ir.-Jo\u00e3o-Gutemberg-Sampaio-novo-secret\u00e1rio-executivo-da-REPAM-300x146.jpg 300w, https:\/\/eadn-wc02-718006.nxedge.io\/cdn\/wp-content\/uploads\/2020\/09\/Ir.-Jo\u00e3o-Gutemberg-Sampaio-novo-secret\u00e1rio-executivo-da-REPAM-500x243.jpg 500w, https:\/\/eadn-wc02-718006.nxedge.io\/cdn\/wp-content\/uploads\/2020\/09\/Ir.-Jo\u00e3o-Gutemberg-Sampaio-novo-secret\u00e1rio-executivo-da-REPAM.jpg 768w\" data-src=\"https:\/\/eadn-wc02-718006.nxedge.io\/cdn\/wp-content\/uploads\/2020\/09\/Ir.-Jo\u00e3o-Gutemberg-Sampaio-novo-secret\u00e1rio-executivo-da-REPAM-300x146.jpg\" data-sizes=\"(max-width: 310px) 100vw, 310px\" \/><figcaption id=\"caption-attachment-249028\" class=\"wp-caption-text\"><em>Ir. Jo\u00e3o Gutemberg Sampaio. Foto: REPAM<\/em><\/figcaption><\/figure>\n<p style=\"text-align: justify;\">Em sua primeira fala, Ir. Jo\u00e3o Gutemberg Sampaio lembrou do processo de funda\u00e7\u00e3o da REPAM, em que participou ativamente. Agradeceu o apoio e anima\u00e7\u00e3o de trabalho realizado por Maur\u00edcio Lopez e, em seguida, falou dos desafios enfrentados pela \u201cQuerida Amaz\u00f4nia\u201d.\u00a0<em>\u201cCom todas as for\u00e7as vivas da Igreja e das pessoas de bem, que nem sempre s\u00e3o da Igreja oficialmente, mas s\u00e3o as comunidades que querem o bem comum, n\u00f3s possamos nos conectarmos muito mais para impulsionarmos o cuidado, a prote\u00e7\u00e3o, a defesa das comunidades humanas e da nossa diversidade ambiental t\u00e3o importante para a nossa vida no planeta, ouvindo o grito dos pobres e o grito da terra\u201d<\/em>, afirmou o novo secret\u00e1rio.<\/p>\n<p style=\"text-align: justify;\">Irm\u00e3o Jo\u00e3o \u00e9 natural de Cruzeiro do Sul (AC). Filho e neto de seringueiros, hoje vive em Manaus (AM) e j\u00e1 participou de v\u00e1rios cursos e atividades relacionadas aos temas amaz\u00f4nicos. Gutemberg participou do S\u00ednodo da Amaz\u00f4nia como um dos auditores.\u00a0 Atua em diversos espa\u00e7os da Igreja na Regi\u00e3o Amaz\u00f4nica, contribuindo na articula\u00e7\u00e3o da Rede Eclesial Pan-Amaz\u00f4nica, no Brasil e nos outros pa\u00edses que comp\u00f5em a Rede.\u00a0 \u00c9 Graduado em Ci\u00eancias Religiosas e Teologia.<\/p>\n<p style=\"text-align: justify;\">P\u00f3s-Graduado em Gest\u00e3o Escolar e Coordena\u00e7\u00e3o Pedag\u00f3gica. Possui Mestrado e Doutorado em Teologia. Segue o programa de est\u00e1gio p\u00f3s-doutoral na linha de pesquisa de Cultura e Etnicidade.\u00a0 Tem por hobby o estudo de idiomas, mostrando interesse em l\u00ednguas faladas nos pa\u00edses amaz\u00f4nicos como Portugu\u00eas, Franc\u00eas, Ingl\u00eas e Espanhol. Acredita na vida em comunidade e na miss\u00e3o realizada em rede, em ajuri, em mutir\u00e3o.<\/p>\n<pre><em>Com informa\u00e7\u00f5es e fotos da REPAM<\/em><\/pre>\n","protected":false},"excerpt":{"rendered":"<p>A secretaria da REPAM, em n\u00edvel pan-amaz\u00f4nico, tem um novo secret\u00e1rio executivo. O religioso marista, Jo\u00e3o Gutemberg Sampaio, foi apresentado na \u00faltima segunda-feira (14) em uma coletiva de imprensa transmitida pelas redes sociais. Os cardeais Cl\u00e1udio Hummes e Pedro Barreto, da diretoria da Rede, fizeram a apresenta\u00e7\u00e3o, al\u00e9m de um balan\u00e7o dos seis anos de [&hellip;]<\/p>\n","protected":false},"author":1,"featured_media":62522,"comment_status":"open","ping_status":"closed","sticky":false,"template":"","format":"standard","meta":{"footnotes":""},"categories":[7],"tags":[],"class_list":["post-62521","post","type-post","status-publish","format-standard","has-post-thumbnail","hentry","category-cnbb"],"_links":{"self":[{"href":"https:\/\/catolicanet.net\/wp-cnet\/wp-json\/wp\/v2\/posts\/62521","targetHints":{"allow":["GET"]}}],"collection":[{"href":"https:\/\/catolicanet.net\/wp-cnet\/wp-json\/wp\/v2\/posts"}],"about":[{"href":"https:\/\/catolicanet.net\/wp-cnet\/wp-json\/wp\/v2\/types\/post"}],"author":[{"embeddable":true,"href":"https:\/\/catolicanet.net\/wp-cnet\/wp-json\/wp\/v2\/users\/1"}],"replies":[{"embeddable":true,"href":"https:\/\/catolicanet.net\/wp-cnet\/wp-json\/wp\/v2\/comments?post=62521"}],"version-history":[{"count":1,"href":"https:\/\/catolicanet.net\/wp-cnet\/wp-json\/wp\/v2\/posts\/62521\/revisions"}],"predecessor-version":[{"id":62523,"href":"https:\/\/catolicanet.net\/wp-cnet\/wp-json\/wp\/v2\/posts\/62521\/revisions\/62523"}],"wp:featuredmedia":[{"embeddable":true,"href":"https:\/\/catolicanet.net\/wp-cnet\/wp-json\/wp\/v2\/media\/62522"}],"wp:attachment":[{"href":"https:\/\/catolicanet.net\/wp-cnet\/wp-json\/wp\/v2\/media?parent=62521"}],"wp:term":[{"taxonomy":"category","embeddable":true,"href":"https:\/\/catolicanet.net\/wp-cnet\/wp-json\/wp\/v2\/categories?post=62521"},{"taxonomy":"post_tag","embeddable":true,"href":"https:\/\/catolicanet.net\/wp-cnet\/wp-json\/wp\/v2\/tags?post=62521"}],"curies":[{"name":"wp","href":"https:\/\/api.w.org\/{rel}","templated":true}]}}