{"id":62450,"date":"2020-09-16T09:15:21","date_gmt":"2020-09-16T12:15:21","guid":{"rendered":"https:\/\/catolicanet.net\/wp-cnet\/?p=62450"},"modified":"2020-09-16T12:16:08","modified_gmt":"2020-09-16T15:16:08","slug":"santa-se-defende-abordagem-global-ao-direito-ao-desenvolvimento-dos-povos","status":"publish","type":"post","link":"https:\/\/catolicanet.net\/wp-cnet\/santa-se-defende-abordagem-global-ao-direito-ao-desenvolvimento-dos-povos\/","title":{"rendered":"Santa S\u00e9 defende abordagem global ao direito ao desenvolvimento dos povos"},"content":{"rendered":"<figure class=\"article__image\" style=\"text-align: justify;\"><span class=\"didascalia_img\">\u201cUma abordagem global \u00e9 fundamental, assim como \u00e9 importante envolver as comunidades e as popula\u00e7\u00f5es mais vulner\u00e1veis na formula\u00e7\u00e3o de decis\u00f5es sobre se e como financiar o desenvolvimento&#8221;\u00a0 (AFP or licensors)<\/span><\/figure>\n<div class=\"article__meta\">\n<div class=\"article__subTitle\" style=\"text-align: justify;\">\u201cEste \u00e9 o momento de reunir toda a fam\u00edlia humana para buscar a colabora\u00e7\u00e3o em mat\u00e9ria de desenvolvimento integral como \u00fanica alternativa ao ego\u00edsmo de interesses particulares e \u00e0 tenta\u00e7\u00e3o de um retorno ao passado, com o risco de prejudicar gravemente a conviv\u00eancia pac\u00edfica e o desenvolvimento das gera\u00e7\u00f5es futuras\u201d, afirma o arcebispo Ivan Jurkovi\u010d.<\/div>\n<div class=\"title__separator\" style=\"text-align: justify;\"><\/div>\n<div class=\"article__text\">\n<p style=\"text-align: justify;\"><b>Vatican News<\/b><\/p>\n<p style=\"text-align: justify;\">A Santa S\u00e9, reconhecendo o profundo impacto que a crise da pandemia do coronavirus teve na sociedade e na economia, sustenta e promove o convite aos Estados a &#8220;n\u00e3o deixar ningu\u00e9m para tr\u00e1s&#8221; nas v\u00e1rias respostas que estes dar\u00e3o para a crise em curso.<\/p>\n<p style=\"text-align: justify;\">\u00c9 o que defende o arcebispo Ivan Jurkovi\u010d, Observador Permanente da Santa S\u00e9 junto \u00e0s Na\u00e7\u00f5es Unidas e a outras organiza\u00e7\u00f5es internacionais em Genebra, no contexto da 45\u00aa sess\u00e3o do Conselho para os Direitos Humanos, sobre o pronunciamento do Relator Especial sobre \u201cdireito ao desenvolvimento\u201d.<\/p>\n<p style=\"text-align: justify;\">Partilhando &#8220;a preocupa\u00e7\u00e3o pela queda nos n\u00edveis de assist\u00eancia&#8221; mencionados no relat\u00f3rio do relator sobre direito ao desenvolvimento e tamb\u00e9m a preocupa\u00e7\u00e3o com &#8220;a tend\u00eancia \u00e0 privatiza\u00e7\u00e3o que no contexto das parcerias p\u00fablico-privadas poderia transformar os servi\u00e7os sociais em oportunidades de ganho&#8221;, Dom Jurkovi\u010d reitera o quanto sejam fundamentais, neste contexto, as medidas de vigil\u00e2ncia, de forma a prevenir e responder a eventuais abusos nesta \u00e1rea.<\/p>\n<p style=\"text-align: justify;\">\u201cA Santa S\u00e9 se alegra pelo reconhecimento do papel desempenhado pela fiscalidade pol\u00edtica no \u00e2mbito dos financiamentos para o desenvolvimento e as oportunidades apresentadas para a integra\u00e7\u00e3o do direito ao desenvolvimento e \u00e0 obten\u00e7\u00e3o da igualdade\u201d, afirmou o arcebispo, recordando o quanto o direito fiscal e as pol\u00edticas monet\u00e1rias representam um meio poderoso para uma justa distribui\u00e7\u00e3o da riqueza e para o financiamento do desenvolvimento.<\/p>\n<p style=\"text-align: justify;\">O palestrante &#8211; destaca o Observador Permanente &#8211; tamb\u00e9m destacou como os Estados tenham a responsabilidade prim\u00e1ria pela cria\u00e7\u00e3o de condi\u00e7\u00f5es nacionais favor\u00e1veis \u00e0 realiza\u00e7\u00e3o do direito ao desenvolvimento.<\/p>\n<p style=\"text-align: justify;\">\u00a0\u201cUma abordagem global \u00e9 fundamental &#8211; continua Dom Jurkovi\u010d \u2013 assim como \u00e9 importante envolver as comunidades e as popula\u00e7\u00f5es mais vulner\u00e1veis \u200b\u200bna formula\u00e7\u00e3o de decis\u00f5es sobre se e como financiar o desenvolvimento. Isso deve estar no centro do desenvolvimento humano integral para promover o pleno exerc\u00edcio da dignidade humana\u201d.<\/p>\n<p style=\"text-align: justify;\">\u201cEste \u00e9 o momento de reunir toda a fam\u00edlia humana para buscar a colabora\u00e7\u00e3o em mat\u00e9ria de desenvolvimento integral como \u00fanica alternativa ao ego\u00edsmo de interesses particulares e \u00e0 tenta\u00e7\u00e3o de um retorno ao passado, com o risco de prejudicar gravemente a conviv\u00eancia pac\u00edfica e o desenvolvimento das gera\u00e7\u00f5es futuras\u201d, concluiu o arcebispo.<\/p>\n<p style=\"text-align: justify;\">Vatican News Service &#8211; RB<\/p>\n<\/div>\n<\/div>\n","protected":false},"excerpt":{"rendered":"<p>\u201cUma abordagem global \u00e9 fundamental, assim como \u00e9 importante envolver as comunidades e as popula\u00e7\u00f5es mais vulner\u00e1veis na formula\u00e7\u00e3o de decis\u00f5es sobre se e como financiar o desenvolvimento&#8221;\u00a0 (AFP or licensors) \u201cEste \u00e9 o momento de reunir toda a fam\u00edlia humana para buscar a colabora\u00e7\u00e3o em mat\u00e9ria de desenvolvimento integral como \u00fanica alternativa ao ego\u00edsmo [&hellip;]<\/p>\n","protected":false},"author":1,"featured_media":62451,"comment_status":"open","ping_status":"closed","sticky":false,"template":"","format":"standard","meta":{"footnotes":""},"categories":[3],"tags":[],"class_list":["post-62450","post","type-post","status-publish","format-standard","has-post-thumbnail","hentry","category-vaticano"],"_links":{"self":[{"href":"https:\/\/catolicanet.net\/wp-cnet\/wp-json\/wp\/v2\/posts\/62450","targetHints":{"allow":["GET"]}}],"collection":[{"href":"https:\/\/catolicanet.net\/wp-cnet\/wp-json\/wp\/v2\/posts"}],"about":[{"href":"https:\/\/catolicanet.net\/wp-cnet\/wp-json\/wp\/v2\/types\/post"}],"author":[{"embeddable":true,"href":"https:\/\/catolicanet.net\/wp-cnet\/wp-json\/wp\/v2\/users\/1"}],"replies":[{"embeddable":true,"href":"https:\/\/catolicanet.net\/wp-cnet\/wp-json\/wp\/v2\/comments?post=62450"}],"version-history":[{"count":1,"href":"https:\/\/catolicanet.net\/wp-cnet\/wp-json\/wp\/v2\/posts\/62450\/revisions"}],"predecessor-version":[{"id":62452,"href":"https:\/\/catolicanet.net\/wp-cnet\/wp-json\/wp\/v2\/posts\/62450\/revisions\/62452"}],"wp:featuredmedia":[{"embeddable":true,"href":"https:\/\/catolicanet.net\/wp-cnet\/wp-json\/wp\/v2\/media\/62451"}],"wp:attachment":[{"href":"https:\/\/catolicanet.net\/wp-cnet\/wp-json\/wp\/v2\/media?parent=62450"}],"wp:term":[{"taxonomy":"category","embeddable":true,"href":"https:\/\/catolicanet.net\/wp-cnet\/wp-json\/wp\/v2\/categories?post=62450"},{"taxonomy":"post_tag","embeddable":true,"href":"https:\/\/catolicanet.net\/wp-cnet\/wp-json\/wp\/v2\/tags?post=62450"}],"curies":[{"name":"wp","href":"https:\/\/api.w.org\/{rel}","templated":true}]}}