{"id":62435,"date":"2020-09-15T10:07:32","date_gmt":"2020-09-15T13:07:32","guid":{"rendered":"https:\/\/catolicanet.net\/wp-cnet\/?p=62435"},"modified":"2020-09-15T12:08:10","modified_gmt":"2020-09-15T15:08:10","slug":"a-comunhao-diaria-graca-ou-pratica-excessiva","status":"publish","type":"post","link":"https:\/\/catolicanet.net\/wp-cnet\/a-comunhao-diaria-graca-ou-pratica-excessiva\/","title":{"rendered":"A comunh\u00e3o di\u00e1ria: gra\u00e7a ou pr\u00e1tica excessiva?"},"content":{"rendered":"<h2 class=\"subtitle\" style=\"text-align: justify;\">Hoje em dia, \u00e9 absolutamente normal receber a comunh\u00e3o toda vez que vamos \u00e0 missa. No entanto, se essa pr\u00e1tica se torna di\u00e1ria, n\u00e3o poderia levar a considerar a Eucaristia uma coisa banal? Ou pelo contr\u00e1rio, poderia ser um caminho de santifica\u00e7\u00e3o?<\/h2>\n<div class=\"base-post-content\">\n<p class=\"p1\" style=\"text-align: justify;\">\u00c9\u00fatil receber a comunh\u00e3o com frequ\u00eancia? Esta \u00e9 uma pergunta que o rei S\u00e3o Lu\u00eds da Fran\u00e7a nunca se fez. Ele \u201couvia\u201d duas missas por dia, como se dizia antigamente, ou seja, assistia sucessivamente a duas \u201cmissas inferiores\u201d mas, como todos os irm\u00e3os da Congrega\u00e7\u00e3o dos Irm\u00e3os Menores e os irm\u00e3os dominicanos do seu s\u00e9culo, s\u00f3 recebia a comunh\u00e3o sete vezes por ano, nas grandes celebra\u00e7\u00f5es. N\u00e3o se tratava de falta de confian\u00e7a em Deus, mas faziam isso pelo imenso respeito pelo corpo de Cristo recebido na comunh\u00e3o: s\u00f3 tomavam a comunh\u00e3o depois de estar muito tempo se preparando para receb\u00ea-la.<\/p>\n<p class=\"p1\" style=\"text-align: justify;\">Hoje em dia, gra\u00e7as \u00e0s en\u00e9rgicas exorta\u00e7\u00f5es de Le\u00e3o XIII e depois de S\u00e3o Pio X para voltar \u00e0 pr\u00e1tica primitiva da Igreja, parece normal aos crist\u00e3os receber a comunh\u00e3o cada vez que v\u00e3o \u00e0 missa. E uma vez que as regras do jejum eucar\u00edstico foram consideravelmente relaxadas, pouco esfor\u00e7o \u00e9 necess\u00e1rio para receber a comunh\u00e3o em qualquer momento da missa. Portanto, hoje em dia, muitos crist\u00e3os v\u00e3o tomar a comunh\u00e3o todos os domingos e at\u00e9 mesmo todos os dias, quando raramente rezam ou quase nunca se confessam! O que podemos pensar disso?<\/p>\n<p class=\"p1\" style=\"text-align: justify;\"><b>Receber a comunh\u00e3o t\u00e3o frequentemente quanto poss\u00edvel, com uma condi\u00e7\u00e3o<\/b><\/p>\n<p class=\"p1\" style=\"text-align: justify;\">A comunh\u00e3o s\u00f3 d\u00e1 todos os seus frutos se, nas horas que a precedem, repetimos intensamente \u00e0 Jesus que precisamos dele e lhe imploramos que inunde o nosso cora\u00e7\u00e3o. Depois de receber a comunh\u00e3o, devemos tamb\u00e9m reservar um tempo para falar com ele. Ent\u00e3o, esse \u201ccorpo a corpo\u201d eucar\u00edstico ser\u00e1 expandido para um verdadeiro \u201ccora\u00e7\u00e3o a cora\u00e7\u00e3o\u201d que continuar\u00e1 ao longo do dia.<\/p>\n<p class=\"p1\" style=\"text-align: justify;\">O santo Cura d\u2019Ars advertia aos seus companheiros contra o h\u00e1bito de correr para o jornal logo que terminasse a missa, em vez de continuar o di\u00e1logo com Aquele que acabavam de segurar em suas m\u00e3os e entregar aos fi\u00e9is. Por sua vez, a m\u00edstica Marthe Robin chegou a dizer que a ora\u00e7\u00e3o era mais importante do que a comunh\u00e3o di\u00e1ria. Certamente, dizia ela, a ora\u00e7\u00e3o \u201crequer muito mais esfor\u00e7o. Al\u00e9m disso, a comunh\u00e3o sacramental pode n\u00e3o ser poss\u00edvel por um longo intervalo devido aos diversos defeitos que Deus envia \u00e0s suas criaturas para test\u00e1-las. A ora\u00e7\u00e3o \u00e9 sempre poss\u00edvel, mesmo que apenas por alguns minutos. A comunh\u00e3o nem sempre implica virtude: podemos ser culpados e receber a comunh\u00e3o com o corpo e o sangue do Senhor. A ora\u00e7\u00e3o quotidiana tamb\u00e9m n\u00e3o quer dizer que sejamos virtuosos, embora seja uma prova de que nos esfor\u00e7amos seriamente para ser isso\u201d.<\/p>\n<p class=\"p1\" style=\"text-align: justify;\">Ent\u00e3o, vamos continuar tomando a comunh\u00e3o com a maior freq\u00fc\u00eancia poss\u00edvel, se tivermos esse bom h\u00e1bito. Mas que essas comunh\u00f5es sejam o \u00e1pice de nossa jornada. Um cume para o qual nos preparamos e cuja descida \u201cnas m\u00e3os de Jesus\u201d fazemos com o cora\u00e7\u00e3o cheio de alegria.<\/p>\n<div class=\"nativo-inread\" style=\"text-align: justify;\"><\/div>\n<p class=\"p1\" style=\"text-align: justify;\">Abade Pierre Descouvemont<\/p>\n<\/div>\n","protected":false},"excerpt":{"rendered":"<p>Hoje em dia, \u00e9 absolutamente normal receber a comunh\u00e3o toda vez que vamos \u00e0 missa. No entanto, se essa pr\u00e1tica se torna di\u00e1ria, n\u00e3o poderia levar a considerar a Eucaristia uma coisa banal? Ou pelo contr\u00e1rio, poderia ser um caminho de santifica\u00e7\u00e3o? \u00c9\u00fatil receber a comunh\u00e3o com frequ\u00eancia? Esta \u00e9 uma pergunta que o rei [&hellip;]<\/p>\n","protected":false},"author":1,"featured_media":62436,"comment_status":"open","ping_status":"closed","sticky":false,"template":"","format":"standard","meta":{"footnotes":""},"categories":[4],"tags":[],"class_list":["post-62435","post","type-post","status-publish","format-standard","has-post-thumbnail","hentry","category-cotidiano"],"_links":{"self":[{"href":"https:\/\/catolicanet.net\/wp-cnet\/wp-json\/wp\/v2\/posts\/62435","targetHints":{"allow":["GET"]}}],"collection":[{"href":"https:\/\/catolicanet.net\/wp-cnet\/wp-json\/wp\/v2\/posts"}],"about":[{"href":"https:\/\/catolicanet.net\/wp-cnet\/wp-json\/wp\/v2\/types\/post"}],"author":[{"embeddable":true,"href":"https:\/\/catolicanet.net\/wp-cnet\/wp-json\/wp\/v2\/users\/1"}],"replies":[{"embeddable":true,"href":"https:\/\/catolicanet.net\/wp-cnet\/wp-json\/wp\/v2\/comments?post=62435"}],"version-history":[{"count":1,"href":"https:\/\/catolicanet.net\/wp-cnet\/wp-json\/wp\/v2\/posts\/62435\/revisions"}],"predecessor-version":[{"id":62437,"href":"https:\/\/catolicanet.net\/wp-cnet\/wp-json\/wp\/v2\/posts\/62435\/revisions\/62437"}],"wp:featuredmedia":[{"embeddable":true,"href":"https:\/\/catolicanet.net\/wp-cnet\/wp-json\/wp\/v2\/media\/62436"}],"wp:attachment":[{"href":"https:\/\/catolicanet.net\/wp-cnet\/wp-json\/wp\/v2\/media?parent=62435"}],"wp:term":[{"taxonomy":"category","embeddable":true,"href":"https:\/\/catolicanet.net\/wp-cnet\/wp-json\/wp\/v2\/categories?post=62435"},{"taxonomy":"post_tag","embeddable":true,"href":"https:\/\/catolicanet.net\/wp-cnet\/wp-json\/wp\/v2\/tags?post=62435"}],"curies":[{"name":"wp","href":"https:\/\/api.w.org\/{rel}","templated":true}]}}