{"id":6243,"date":"2015-08-04T19:08:01","date_gmt":"2015-08-04T22:08:01","guid":{"rendered":"http:\/\/catolicanet.net\/wp-cnet\/para-o-papa-renovacao-na-igreja-passa-pelo-ministerio-sacerdotal\/"},"modified":"2017-04-10T16:31:10","modified_gmt":"2017-04-10T19:31:10","slug":"para-o-papa-renovacao-na-igreja-passa-pelo-ministerio-sacerdotal","status":"publish","type":"post","link":"https:\/\/catolicanet.net\/wp-cnet\/para-o-papa-renovacao-na-igreja-passa-pelo-ministerio-sacerdotal\/","title":{"rendered":"Para o Papa, renova\u00e7\u00e3o na Igreja passa pelo minist\u00e9rio sacerdotal"},"content":{"rendered":"<p style=\"text-align: justify;\"><img decoding=\"async\" src=\"http:\/\/catolicanet.com.br\/images\/stories\/geral\/renovao1.jpg\" border=\"0\" align=\"left\" \/>Um pastor segundo o cora\u00e7\u00e3o de Deus. A Igreja celebra neste 4 de agosto a mem\u00f3ria de S\u00e3o Jo\u00e3o Maria Vianney, padroeiro de todos os p\u00e1rocos do mundo. Ainda hoje, h\u00e1 150 anos de sua morte, o Santo Cura d\u2019Ars \u00e9 uma figura de grande atualidade para os sacerdotes e em muitos aspectos recorda o estilo pastoral do Papa Francisco. A este respeito, a R\u00e1dio Vaticano entrevistou o Cardeal Beniamino Stella, Prefeito da Congrega\u00e7\u00e3o para o Clero:<\/p>\n<p>\u201cA meu ver o Cura d\u2019Ars \u00e9 uma figura que j\u00e1 entrou na vida da Igreja e sobretudo deveria incidir com a sua pr\u00f3pria hist\u00f3ria, com os eu ensinamento na vida dos religiosos de hoje. Em que sentido? Foi um pastor extremamente pr\u00f3ximo ao rebanho, no sentido que partilhou dele a hist\u00f3ria, partilhou dele tamb\u00e9m um pouco da pobreza, que eram t\u00edpicos daquele tempo. Foi um grande exemplo para este rebanho, sobretudo com a sua simplicidade de vida, com\u00a0 a sua pobreza pessoal. Simplicidade e pobreza s\u00e3o duas virtudes que t\u00eam uma grande atualidade, tamb\u00e9m para o mundo de hoje. O sacerdote que se apresenta humilde, pobre, simples, eu diria que tem um algo a mais para se fazer entender\u201d.<\/p>\n<p>RV: S\u00e3o Jo\u00e3o Maria Vianney era um p\u00e1roco que vivia em meio ao povo de Deus. Pensemos tamb\u00e9m \u00e0s tantas horas passadas no confession\u00e1rio. O Papa Francisco lembra um pouco com o seu estilo pastoral justamente a figura do Cura d\u2019Ars&#8230;<\/p>\n<p>\u201cEu diria que uma das mensagens substanciais, importantes do Papa Francisco, \u00e9 a mensagem sobre a miseric\u00f3rdia. Exortou os padres a tornarem-se, a serem confessores com o cora\u00e7\u00e3o aberto \u00e0 acolhida dos pecadores. Justamente o Cura d\u2019Ars nos ensinou esta arte de receber os pecadores com o cora\u00e7\u00e3o aberto. O interessante \u00e9 que neste mesmo \u00e2mbito o Papa nos ensina a assumir tamb\u00e9m n\u00f3s, como sacerdotes, o h\u00e1bito da Confiss\u00e3o. Vimos o Papa ajoelhar-se, em mar\u00e7o passado, durante a liturgia penitencial, diante de seu confessor, na Bas\u00edlica de S\u00e3o Pedro. Eu penso que seja uma imagem que deve ser muito cara para n\u00f3s. O Papa disse \u2013 e o repete sempre \u2013 \u201cEu sou um pecador\u201d. E todo pecador tem necessidade de ser purificado e de encontrar a miseric\u00f3rdia do Senhor. Eu diria que um grande exemplo que aproxima o Santo Cura d\u2019Ars e o Papa Francisco \u00e9 a prega\u00e7\u00e3o sobre a miseric\u00f3rdia e o exerc\u00edcio da miseric\u00f3rdia pelos outros e para si mesmo\u201d.<\/p>\n<p>RV: O Ano da miseric\u00f3rdia est\u00e1 pr\u00f3ximo. Que frutos poder\u00e1 dar um ano assim t\u00e3o especial, em particular aos sacerdotes em seu minist\u00e9rio?<\/p>\n<p>\u201cOs sacerdotes hoje trabalham tanto. Assim, gostaria que este Ano da Miseric\u00f3rdia desse um trabalho a mais aos sacerdotes, mas n\u00e3o um trabalho burocr\u00e1tico, n\u00e3o um trabalho administrativo, mas um trabalho realmente sacerdotal, um trabalho justamente no sentido profundo de receber os frutos deste encontro com deus na vida lit\u00fargica, no Sacramento da Reconcilia\u00e7\u00e3o, e tamb\u00e9m uma necessidade para aprofundar a f\u00e9. Tenho confian\u00e7a de que o Ano jubilar dar\u00e1 trabalho aos sacerdotes, por\u00e9m um verdadeiro trabalho sacerdotal, que os canse mais, no sentido de um cansa\u00e7o salutar. Cansa\u00e7o, compromisso, sacrif\u00edcio no sentido de que Deus quer e que o Papa deseja\u201d.<\/p>\n<p>RV: Levando em considera\u00e7\u00e3o as conversas que o senhor pode ter nos encontros com o Santo Padre, o que Francisco tem mais a peito em rela\u00e7\u00e3o aos sacerdotes?<\/p>\n<p>\u201cEu recordo um encontro com o Papa aqui na Congrega\u00e7\u00e3o, no m\u00eas de maio, quando o Papa disse: \u201cSe fala tanto da reforma da C\u00faria Romana \u2013 o Papa estava visitando os dicast\u00e9rios da C\u00faria Romana \u2013 mas a reforma da C\u00faria est\u00e1 ligada a uma reforma da Igreja, a uma renovada redescoberta do Evangelho. E a esta renova\u00e7\u00e3o da Igreja, se chega somente por meio do minist\u00e9rio dos sacerdotes\u201d. Assim, voltamos \u00e0 quest\u00e3o de sempre: o peso dos sacerdotes na vida eclesial. O Papa deseja muito a autenticidade da vida. O Papa nos d\u00e1 um grande exemplo de proximidade ao povo crist\u00e3o. O sacerdote tem no Papa Francisco um verdadeiro modelo, um modelo pr\u00f3ximo. Existe na vida do Papa Francisco, em seu estilo de ser bispo e de ser sacerdote, algo que une e recorda a todos os sacerdotes da Igreja algumas exig\u00eancias primordiais, substanciais: vida de ora\u00e7\u00e3o, disciplina pessoal, dedica\u00e7\u00e3o apost\u00f3lica, amor pelo rebanho, estar com o rebanho&#8230;pastores do rebanho, fieis, humildes, simples. As pessoas escutam aquilo que dizemos, olha como agimos, as nossas a\u00e7\u00f5es, mas sobretudo considera aquilo que somos!\u201d.<\/p>\n<p style=\"text-align: justify;\">Fonte: R\u00e1dio Vaticano<\/p>\n","protected":false},"excerpt":{"rendered":"<p>Um pastor segundo o cora\u00e7\u00e3o de Deus. A Igreja celebra neste 4 de agosto a mem\u00f3ria de S\u00e3o Jo\u00e3o Maria Vianney, padroeiro de todos os p\u00e1rocos do mundo. Ainda hoje, h\u00e1 150 anos de sua morte, o Santo Cura d\u2019Ars \u00e9 uma figura de grande atualidade para os sacerdotes e em muitos aspectos recorda o [&hellip;]<\/p>\n","protected":false},"author":1,"featured_media":0,"comment_status":"closed","ping_status":"closed","sticky":false,"template":"","format":"standard","meta":{"footnotes":""},"categories":[3],"tags":[],"class_list":["post-6243","post","type-post","status-publish","format-standard","hentry","category-vaticano"],"_links":{"self":[{"href":"https:\/\/catolicanet.net\/wp-cnet\/wp-json\/wp\/v2\/posts\/6243","targetHints":{"allow":["GET"]}}],"collection":[{"href":"https:\/\/catolicanet.net\/wp-cnet\/wp-json\/wp\/v2\/posts"}],"about":[{"href":"https:\/\/catolicanet.net\/wp-cnet\/wp-json\/wp\/v2\/types\/post"}],"author":[{"embeddable":true,"href":"https:\/\/catolicanet.net\/wp-cnet\/wp-json\/wp\/v2\/users\/1"}],"replies":[{"embeddable":true,"href":"https:\/\/catolicanet.net\/wp-cnet\/wp-json\/wp\/v2\/comments?post=6243"}],"version-history":[{"count":1,"href":"https:\/\/catolicanet.net\/wp-cnet\/wp-json\/wp\/v2\/posts\/6243\/revisions"}],"predecessor-version":[{"id":11064,"href":"https:\/\/catolicanet.net\/wp-cnet\/wp-json\/wp\/v2\/posts\/6243\/revisions\/11064"}],"wp:attachment":[{"href":"https:\/\/catolicanet.net\/wp-cnet\/wp-json\/wp\/v2\/media?parent=6243"}],"wp:term":[{"taxonomy":"category","embeddable":true,"href":"https:\/\/catolicanet.net\/wp-cnet\/wp-json\/wp\/v2\/categories?post=6243"},{"taxonomy":"post_tag","embeddable":true,"href":"https:\/\/catolicanet.net\/wp-cnet\/wp-json\/wp\/v2\/tags?post=6243"}],"curies":[{"name":"wp","href":"https:\/\/api.w.org\/{rel}","templated":true}]}}