{"id":62429,"date":"2020-09-15T10:05:07","date_gmt":"2020-09-15T13:05:07","guid":{"rendered":"https:\/\/catolicanet.net\/wp-cnet\/?p=62429"},"modified":"2020-09-15T12:05:55","modified_gmt":"2020-09-15T15:05:55","slug":"por-que-e-tao-importante-abencoar-a-sua-casa","status":"publish","type":"post","link":"https:\/\/catolicanet.net\/wp-cnet\/por-que-e-tao-importante-abencoar-a-sua-casa\/","title":{"rendered":"Por que \u00e9 t\u00e3o importante aben\u00e7oar a sua casa?"},"content":{"rendered":"<h2 class=\"subtitle\" style=\"text-align: justify;\">Aben\u00e7oar sua casa pode ser uma boa maneira de estabelecer verdadeiros marcos e abrir as portas para que o Senhor fa\u00e7a parte do seu novo lar<\/h2>\n<div class=\"base-post-content\">\n<p class=\"p4\" style=\"text-align: justify;\">\u201c<i>Sempre que nos mudamos, pedimos para um padre aben\u00e7oar nosso apartamento. \u00c9 uma boa oportunidade para agradecer a Deus pelo nosso lar e para colocar sob sua prote\u00e7\u00e3o tudo aquilo que neste lugar iremos viver, al\u00e9m de todos que aqui ser\u00e3o acolhidos<\/i>\u201d. Bento, que est\u00e1 na casa dos trinta anos, n\u00e3o imaginava se mudar sem convidar um padre para aben\u00e7oar seu novo lar. Sob os olhos de sua esposa e filho, um padre oficializava e aben\u00e7oava sua nova casa, c\u00f4modo por c\u00f4modo. \u201c<i>Ouve, na tua bondade, a ora\u00e7\u00e3o dos teus servos, neste dia em que inauguram a sua nova casa\u2026<\/i>\u201d. As ora\u00e7\u00f5es que acompanham a aspers\u00e3o da \u00e1gua benta s\u00e3o familiares ao sacerdote. Enraizadas na sabedoria da Igreja, essa liturgia vai ao encontro dos desejos dos fi\u00e9is, como aconteceu com essa fam\u00edlia, que aproveitou a vinda do padre para confiar a Deus a sua nova casa, ou no caso de rec\u00e9m-casados \u200b\u200bque ousam convidar o seu p\u00e1roco para a festa de casa nova.<\/p>\n<p class=\"p4\" style=\"text-align: justify;\"><b>Uma pr\u00e1tica enraizada na liturgia do povo de Israel<\/b><\/p>\n<p class=\"p4\" style=\"text-align: justify;\">Entre todas as b\u00ean\u00e7\u00e3os poss\u00edveis \u2013 um local de trabalho, um neg\u00f3cio, um carro, dentre outras \u2013 aquela invocada sobre uma casa tem uma import\u00e2ncia particular. \u201c<i>Esta pr\u00e1tica est\u00e1 enraizada na liturgia do povo de Israel, ela recorda o sangue do cordeiro pascal que os hebreus puseram \u00e0 porta antes da fuga para o Egito<\/i>\u201d, explica o padre Emmanuel Roberge. Durante os primeiros s\u00e9culos, tempo de persegui\u00e7\u00e3o, a f\u00e9 era vivida dentro das casas na chamada domus ecclesiae, ou \u201cIgreja dom\u00e9stica\u201d. A primeira liturgia crist\u00e3 foi celebrada em casa.<\/p>\n<p class=\"p4\" style=\"text-align: justify;\">Portanto, vemos que a casa \u00e9 um lugar de import\u00e2ncia singular e foi tamb\u00e9m espa\u00e7o de testemunho em muitas passagens b\u00edblicas, como na hospitalidade de Abra\u00e3o ou nas visitas de Jesus a Marta, Maria e Zaqueu. Tamb\u00e9m ressoa a instru\u00e7\u00e3o de Jesus aos disc\u00edpulos: \u201c<i>Em toda casa em que entrardes, dizei primeiro: Paz a esta casa!<\/i>\u201d (Lc 10,5). Uma paz que se estabelece entre as paredes da casa e que se estende a todos que nela habitam. No dia da b\u00ean\u00e7\u00e3o de sua casa, \u201cmomento de gra\u00e7a, alegria e festa\u201d, Marion e Lu\u00eds convidaram suas respectivas fam\u00edlias. \u201c<i>\u00c9 uma forma de colocar o lugar onde viveremos nas m\u00e3os do Senhor e de proteger nossas fam\u00edlias. Para n\u00f3s \u00e9 essencial<\/i>\u201d, testemunham os jovens pais.<\/p>\n<p class=\"p4\" style=\"text-align: justify;\">Entre os crist\u00e3os, alguns desejam proteger e at\u00e9 mesmo libertar a sua casa de qualquer influ\u00eancia prejudicial \u00e0 sa\u00fade. \u201c<i>N\u00e3o sabemos necessariamente o que pode ter acontecido aqui antes da nossa chegada<\/i>\u201d, diz Bento. O padre Emmanuel Dumont, exorcista, recebe muitos pedidos desse tipo. \u201c<i>A casa \u00e9 um local de combate espiritual, como toda a Igreja\u201d,\u00a0<\/i>afirma.<i>\u00a0Quando venho aben\u00e7oar uma casa, gosto de recorrer ao antigo ritual que traz a ora\u00e7\u00e3o penitencial. Nele, pedimos perd\u00e3o pelos pr\u00f3prios pecados e pelo que foi feito de errado naquele lugar. Tamb\u00e9m pode ser uma oportunidade de orar por aqueles que morreram nesse ambiente sem estarem preparados<\/i>\u201d. O sacerdote ent\u00e3o usa \u00e1gua benta e sal, incenso e \u00f3leo para ungir portas e janelas.<\/p>\n<p class=\"p4\" style=\"text-align: justify;\"><b>F\u00f3rmulas alg\u00e9bricas inscritas em giz acima das portas<\/b><\/p>\n<div class=\"nativo-inread\" style=\"text-align: justify;\"><\/div>\n<p class=\"p4\" style=\"text-align: justify;\">Quem aprende sobre os ritos de b\u00ean\u00e7\u00e3o descobre um tesouro de piedade popular escondido por s\u00e9culos. Na Fran\u00e7a, em Calvados, podemos nos surpreender ao ver f\u00f3rmulas alg\u00e9bricas inscritas em giz acima das portas: \u201c20 + C + M + B + 18\u201d. Resqu\u00edcio de uma tradi\u00e7\u00e3o germ\u00e2nica ligada \u00e0 Epifania. Essas iniciais correspondem \u00e0 invoca\u00e7\u00e3o \u201c<i>Christus mansionem benedicat<\/i>\u201d, ou \u201cCristo aben\u00e7oe esta casa\u201d, emoldurada pelos n\u00fameros do ano novo. Tamb\u00e9m lemos as iniciais dos tr\u00eas reis magos, Gaspar (ou Caspard), Melchior (ou Belchior) e Baltasar. \u201c<i>Os tr\u00eas reis magos vieram adorar o Menino Jesus e, ao regressarem ao seu pa\u00eds, espalharam pelo caminho a boa not\u00edcia da vida divina<\/i>\u201d, explica o padre Guilhem de la Barre.<\/p>\n<p class=\"p4\" style=\"text-align: justify;\">De 6 a 13 de janeiro, o padre percorreu as estradas da Normandia, na Fran\u00e7a, para aben\u00e7oar cerca de quarenta casas. Com giz, ele tra\u00e7ou essa inscri\u00e7\u00e3o acima de cada porta que encontrou. \u201c<i>A b\u00ean\u00e7\u00e3o das casas torna vis\u00edvel ao mundo que, atrav\u00e9s da sua encarna\u00e7\u00e3o, nosso Senhor Jesus Cristo, o Verbo feito carne, habitou entre n\u00f3s e que age nas nossas vidas no quotidiano, na humildade da vida dom\u00e9stica di\u00e1ria<\/i>\u201d. A Igreja prop\u00f5e esta tradi\u00e7\u00e3o no Diret\u00f3rio sobre a piedade popular e na liturgia. O dono da casa tamb\u00e9m pode conduzir pessoalmente esta liturgia familiar e escrever a f\u00f3rmula apropriada a giz, previamente aben\u00e7oado durante a Missa da Epifania.<\/p>\n<p class=\"p4\" style=\"text-align: justify;\">Ao contr\u00e1rio do giz, a \u00e1gua benta n\u00e3o deixa marcas vis\u00edveis nas paredes. A casa, no entanto, permanece nas m\u00e3os de Deus. \u201c<i>Por isso, \u00e9 muito importante deixar \u00e0 mostra todos os \u00edcones, imagens, B\u00edblias ou livros de ora\u00e7\u00e3o\u201d<\/i>, lembra o Padre Emmanuel Roberge, \u201c<i>para mostrar claramente a presen\u00e7a do Senhor nesta casa\u201d.\u00a0<\/i>S\u00e3o sinais que testemunham que a casa crist\u00e3 \u00e9 c\u00e9lula viva do corpo da Igreja.<\/p>\n<p class=\"p4\" style=\"text-align: justify;\">No\u00e9mie Bertin<\/p>\n<\/div>\n","protected":false},"excerpt":{"rendered":"<p>Aben\u00e7oar sua casa pode ser uma boa maneira de estabelecer verdadeiros marcos e abrir as portas para que o Senhor fa\u00e7a parte do seu novo lar \u201cSempre que nos mudamos, pedimos para um padre aben\u00e7oar nosso apartamento. \u00c9 uma boa oportunidade para agradecer a Deus pelo nosso lar e para colocar sob sua prote\u00e7\u00e3o tudo [&hellip;]<\/p>\n","protected":false},"author":1,"featured_media":62430,"comment_status":"open","ping_status":"closed","sticky":false,"template":"","format":"standard","meta":{"footnotes":""},"categories":[4],"tags":[],"class_list":["post-62429","post","type-post","status-publish","format-standard","has-post-thumbnail","hentry","category-cotidiano"],"_links":{"self":[{"href":"https:\/\/catolicanet.net\/wp-cnet\/wp-json\/wp\/v2\/posts\/62429","targetHints":{"allow":["GET"]}}],"collection":[{"href":"https:\/\/catolicanet.net\/wp-cnet\/wp-json\/wp\/v2\/posts"}],"about":[{"href":"https:\/\/catolicanet.net\/wp-cnet\/wp-json\/wp\/v2\/types\/post"}],"author":[{"embeddable":true,"href":"https:\/\/catolicanet.net\/wp-cnet\/wp-json\/wp\/v2\/users\/1"}],"replies":[{"embeddable":true,"href":"https:\/\/catolicanet.net\/wp-cnet\/wp-json\/wp\/v2\/comments?post=62429"}],"version-history":[{"count":1,"href":"https:\/\/catolicanet.net\/wp-cnet\/wp-json\/wp\/v2\/posts\/62429\/revisions"}],"predecessor-version":[{"id":62431,"href":"https:\/\/catolicanet.net\/wp-cnet\/wp-json\/wp\/v2\/posts\/62429\/revisions\/62431"}],"wp:featuredmedia":[{"embeddable":true,"href":"https:\/\/catolicanet.net\/wp-cnet\/wp-json\/wp\/v2\/media\/62430"}],"wp:attachment":[{"href":"https:\/\/catolicanet.net\/wp-cnet\/wp-json\/wp\/v2\/media?parent=62429"}],"wp:term":[{"taxonomy":"category","embeddable":true,"href":"https:\/\/catolicanet.net\/wp-cnet\/wp-json\/wp\/v2\/categories?post=62429"},{"taxonomy":"post_tag","embeddable":true,"href":"https:\/\/catolicanet.net\/wp-cnet\/wp-json\/wp\/v2\/tags?post=62429"}],"curies":[{"name":"wp","href":"https:\/\/api.w.org\/{rel}","templated":true}]}}