{"id":6242,"date":"2015-08-04T18:59:59","date_gmt":"2015-08-04T21:59:59","guid":{"rendered":"http:\/\/catolicanet.net\/wp-cnet\/vocacao-um-chamado-para-alem-de-si-mesmo\/"},"modified":"2017-04-10T16:31:31","modified_gmt":"2017-04-10T19:31:31","slug":"vocacao-um-chamado-para-alem-de-si-mesmo","status":"publish","type":"post","link":"https:\/\/catolicanet.net\/wp-cnet\/vocacao-um-chamado-para-alem-de-si-mesmo\/","title":{"rendered":"Voca\u00e7\u00e3o: Um chamado para al\u00e9m de si mesmo"},"content":{"rendered":"<p style=\"text-align: justify;\"><img decoding=\"async\" src=\"http:\/\/catolicanet.com.br\/images\/stories\/geral\/vocacao.jpg\" border=\"0\" align=\"left\" \/> Em um determinado momento da vida nasce uma pergunta que nem sempre \u00e9 f\u00e1cil responder: Qual \u00e9 a minha voca\u00e7\u00e3o? O que eu quero da minha vida? Na maioria das vezes a resposta vem no sil\u00eancio da escolha que se se constr\u00f3i a cada momento. Toda escolha tem consequ\u00eancia; e n\u00e3o tem como fugir.<\/p>\n<p>Mas, voca\u00e7\u00e3o n\u00e3o \u00e9 s\u00f3 quest\u00e3o de escolha e sim de chamado. Sentir-se chamado significa ter uma miss\u00e3o, entendida n\u00e3o somente no sentido religioso. Miss\u00e3o \u00e9 lutar pelos objetivos que se acredita sem olhar os resultados. Aonde se quer chegar \u00e9 mais importante do que os resultados imediatos.\u00a0 O imediatismo muitas vezes leva para frustra\u00e7\u00f5es. Por isso que voca\u00e7\u00e3o vem acompanhada de aptid\u00e3o, f\u00e9 e gosto pela miss\u00e3o, por aquilo que se faz, e n\u00e3o s\u00f3 pelos efeitos que se possa medir.<\/p>\n<p>Este ano o papa Francisco, na sua mensagem para o dia mundial das voca\u00e7\u00f5es, afirma: \u201cNa raiz de cada voca\u00e7\u00e3o crist\u00e3, h\u00e1 este movimento fundamental da experi\u00eancia de f\u00e9: crer significa deixar-se a si mesmo, sair da comodidade e rigidez do pr\u00f3prio eu para centrar a nossa vida em Jesus Cristo; abandonar como Abra\u00e3o a pr\u00f3pria terra pondo-se confiadamente a caminho, sabendo que Deus indicar\u00e1 a estrada para a nova terra. Esta \u2018sa\u00edda\u2019 n\u00e3o deve ser entendida como um desprezo da pr\u00f3pria vida, do pr\u00f3prio sentir, da pr\u00f3pria humanidade; pelo contr\u00e1rio, quem se p\u00f5e a caminho no seguimento de Cristo encontra a vida em abund\u00e2ncia, colocando tudo de si \u00e0 disposi\u00e7\u00e3o de Deus e do seu Reino\u201d.<\/p>\n<p> \u201cTodo aquele que tiver deixado casas, irm\u00e3os, irm\u00e3s, pai, m\u00e3e, filhos ou campos por causa do meu nome, receber\u00e1 cem vezes mais e ter\u00e1 por heran\u00e7a a vida eterna\u201d (Mt 19, 29).\u00a0 O papa Francisco tamb\u00e9m diz: \u201cTudo isto tem a sua raiz mais profunda no amor. De fato, a voca\u00e7\u00e3o crist\u00e3 \u00e9, antes de mais nada, uma chamada de amor que atrai e reenvia para al\u00e9m de si mesmo, descentraliza a pessoa, provoca um \u00eaxodo permanente do eu fechado em si mesmo para a sua liberta\u00e7\u00e3o no dom de si. Esta din\u00e2mica do \u00eaxodo diz respeito n\u00e3o s\u00f3 \u00e0 pessoa chamada, mas tamb\u00e9m \u00e0 toda atividade evangelizadora, e ao ser crist\u00e3o no mundo. A atitude de sa\u00edda, estar sempre \u2018fora de si\u2019 ou seja n\u00e3o preocupado consigo mesmo, faz com a vida se alarga para al\u00e9m dos horizontes dos pr\u00f3prios desejos e ideias pessoais, da pr\u00f3pria estrutura e ir ao encontro daqueles que mais precisam e compadecer-se de suas feridas\u201d.<\/p>\n<p>O papa ainda continua com sua sabedoria: \u201cDeus sai de Si mesmo numa din\u00e2mica trinit\u00e1ria de amor, d\u00e1-Se conta da mis\u00e9ria do seu povo e interv\u00e9m para o libertar. A Virgem Maria, modelo de toda a voca\u00e7\u00e3o, n\u00e3o teve medo de pronunciar o seu \u2018sim\u2019 \u00e0 chamada do Senhor. Ela acompanha-nos e guia-nos. A Ela nos dirigimos pedindo para estarmos plenamente dispon\u00edveis ao des\u00edgnio que Deus tem para cada um de n\u00f3s; para crescer em n\u00f3s o desejo de sair e caminhar, com solicitude, ao encontro dos outros (cf. Lc 1, 39). A Virgem M\u00e3e nos proteja e interceda por todos n\u00f3s\u201d, por todos os presb\u00edteros e mission\u00e1rios que pronta e generosamente ouviram o chamado e responderam.<\/p>\n<p style=\"text-align: justify;\">Fonte: R\u00e1dio Vaticano<\/p>\n","protected":false},"excerpt":{"rendered":"<p>Em um determinado momento da vida nasce uma pergunta que nem sempre \u00e9 f\u00e1cil responder: Qual \u00e9 a minha voca\u00e7\u00e3o? O que eu quero da minha vida? Na maioria das vezes a resposta vem no sil\u00eancio da escolha que se se constr\u00f3i a cada momento. Toda escolha tem consequ\u00eancia; e n\u00e3o tem como fugir. Mas, [&hellip;]<\/p>\n","protected":false},"author":1,"featured_media":0,"comment_status":"closed","ping_status":"closed","sticky":false,"template":"","format":"standard","meta":{"footnotes":""},"categories":[3],"tags":[],"class_list":["post-6242","post","type-post","status-publish","format-standard","hentry","category-vaticano"],"_links":{"self":[{"href":"https:\/\/catolicanet.net\/wp-cnet\/wp-json\/wp\/v2\/posts\/6242","targetHints":{"allow":["GET"]}}],"collection":[{"href":"https:\/\/catolicanet.net\/wp-cnet\/wp-json\/wp\/v2\/posts"}],"about":[{"href":"https:\/\/catolicanet.net\/wp-cnet\/wp-json\/wp\/v2\/types\/post"}],"author":[{"embeddable":true,"href":"https:\/\/catolicanet.net\/wp-cnet\/wp-json\/wp\/v2\/users\/1"}],"replies":[{"embeddable":true,"href":"https:\/\/catolicanet.net\/wp-cnet\/wp-json\/wp\/v2\/comments?post=6242"}],"version-history":[{"count":1,"href":"https:\/\/catolicanet.net\/wp-cnet\/wp-json\/wp\/v2\/posts\/6242\/revisions"}],"predecessor-version":[{"id":11065,"href":"https:\/\/catolicanet.net\/wp-cnet\/wp-json\/wp\/v2\/posts\/6242\/revisions\/11065"}],"wp:attachment":[{"href":"https:\/\/catolicanet.net\/wp-cnet\/wp-json\/wp\/v2\/media?parent=6242"}],"wp:term":[{"taxonomy":"category","embeddable":true,"href":"https:\/\/catolicanet.net\/wp-cnet\/wp-json\/wp\/v2\/categories?post=6242"},{"taxonomy":"post_tag","embeddable":true,"href":"https:\/\/catolicanet.net\/wp-cnet\/wp-json\/wp\/v2\/tags?post=6242"}],"curies":[{"name":"wp","href":"https:\/\/api.w.org\/{rel}","templated":true}]}}