{"id":6241,"date":"2015-08-04T18:48:39","date_gmt":"2015-08-04T21:48:39","guid":{"rendered":"http:\/\/catolicanet.net\/wp-cnet\/papa-aos-ministrantes-uma-academia-de-educao-na-fe-e-na-caridade\/"},"modified":"2017-04-10T16:31:55","modified_gmt":"2017-04-10T19:31:55","slug":"papa-aos-ministrantes-uma-academia-de-educao-na-fe-e-na-caridade","status":"publish","type":"post","link":"https:\/\/catolicanet.net\/wp-cnet\/papa-aos-ministrantes-uma-academia-de-educao-na-fe-e-na-caridade\/","title":{"rendered":"Papa aos ministrantes: uma academia de edu\u00e7\u00e3o na f\u00e9 e na caridade"},"content":{"rendered":"<p style=\"text-align: justify;\"><img decoding=\"async\" src=\"http:\/\/catolicanet.com.br\/images\/stories\/geral\/ministrantes.jpg\" border=\"0\" align=\"left\" \/>Acompanhe a \u00edntegra do discurso do Papa Francisco desta ter\u00e7a-feira (4), em ocasi\u00e3o da Peregrina\u00e7\u00e3o Internacional dos Ministrantes que est\u00e1 sendo realizada em Roma. O encontro dos 10 mil coroinhas e ac\u00f3litos com o Santo Padre aconteceu na Pra\u00e7a S\u00e3o Pedro, sob um forte calor na capital italiana e durante as V\u00e9speras, num momento direcionado \u00e0 ora\u00e7\u00e3o e introspec\u00e7\u00e3o dos ministrantes. <\/p>\n<p>&#8220;Queridos Ministrantes, Boa Tarde.<\/p>\n<p>Agrade\u00e7o a vossa presen\u00e7a numerosa que desafiou o sol romano de agosto. Agrade\u00e7o o Bispo Dom Nemet, vosso Presidente, pelas palavras com que introduziu este encontro. Sa\u00edstes de v\u00e1rios Pa\u00edses para fazer a vossa peregrina\u00e7\u00e3o a Roma, lugar do mart\u00edrio dos Ap\u00f3stolos Pedro e Paulo. \u00c9 significativo ver que a proximidade e familiaridade com Jesus Eucaristia no servi\u00e7o do altar, torna-se tamb\u00e9m uma oportunidade para abrir-se aos outros, para caminhar juntos, de escolher metas de compromisso e encontrar as for\u00e7as para alcan\u00e7\u00e1-las. \u00c9 fonte de verdadeira alegria reconhecer-se pequeno e fraco, mas sabendo que, com a ajuda de Jesus, podemos ser revestidos de for\u00e7a e realizar uma grande viagem na vida com Ele.<\/p>\n<p>O profeta Isa\u00edas tamb\u00e9m descobre esta verdade, ou seja, que Deus purifica as suas inten\u00e7\u00f5es, perdoa os seus pecados, cura o seu cora\u00e7\u00e3o e torna-o id\u00f4neo para realizar uma tarefa importante: levar a palavra de Deus ao povo, tornando-se instrumento da presen\u00e7a e da miseric\u00f3rdia divina. Isa\u00edas descobre que, ao colocar-se confiadamente nas m\u00e3os do Senhor, toda a sua exist\u00eancia se transforma.<\/p>\n<p>A passagem b\u00edblica que ouvimos fala-nos justamente sobre isso. Isa\u00edas tem uma vis\u00e3o, que lhe faz perceber a majestade do Senhor, mas, ao mesmo tempo, mostra-lhe como Deus, embora se revele, permanece distante.<\/p>\n<p>Isa\u00edas descobre, com assombro, que \u00e9 Deus quem d\u00e1 o primeiro passo, n\u00e3o esque\u00e7amos disso, que \u00e9 Deus que d\u00e1 o primeiro passo e se aproxima em primeiro lugar; Isa\u00edas percebe que a a\u00e7\u00e3o divina n\u00e3o \u00e9 impedida pelas suas imperfei\u00e7\u00f5es pessoais, mas que somente a benevol\u00eancia divina \u00e9 capaz de torn\u00e1-lo id\u00f4neo para a miss\u00e3o, transformando-o numa pessoa totalmente nova e, portanto, capaz de responder ao chamado de Deus e dizer: \u00abEis-me aqui, envia-me\u00bb (Is 6,8).<\/p>\n<p>Hoje, sois mais afortunados do que o profeta Isa\u00edas. Na Eucaristia e nos outros sacramentos experimentais a proximidade \u00edntima de Jesus, a do\u00e7ura e a efic\u00e1cia da sua presen\u00e7a. N\u00e3o encontrais Jesus colocado num trono, alto, sublime e inalcan\u00e7\u00e1vel, mas no p\u00e3o e no vinho eucar\u00edsticos, e a sua palavra n\u00e3o faz vibrar os umbrais das portas, mas as cordas do cora\u00e7\u00e3o. Assim como Isa\u00edas, cada um v\u00f3s tamb\u00e9m descobre que Deus, mesmo tornando-se pr\u00f3ximo em Jesus e inclinando-se por amor a v\u00f3s, sempre permanece imensamente maior e para al\u00e9m da nossa capacidade de compreender a sua \u00edntima ess\u00eancia. Como Isa\u00edas, v\u00f3s tamb\u00e9m fazeis a experi\u00eancia de que a iniciativa \u00e9 sempre de Deus, pois \u00e9 Ele que vos criou e desejou. \u00c9 Ele quem, no batismo, tornou-vos novas criaturas e \u00e9 sempre Ele que espera pacientemente pela resposta \u00e0 sua iniciativa e que oferece o perd\u00e3o a todos os que pedem-No humildemente.<\/p>\n<p>Se n\u00e3o resistimos \u00e0 sua a\u00e7\u00e3o Ele vai tocar os nossos l\u00e1bios com a chama do seu amor misericordioso, como fez com o profeta Isa\u00edas, e isso nos tornar\u00e1 id\u00f4neos para receb\u00ea-Lo e lev\u00e1-Lo aos nossos irm\u00e3os. Como Isa\u00edas, n\u00f3s tamb\u00e9m somos convidados a n\u00e3o ficar fechados em n\u00f3s mesmos, guardando a nossa f\u00e9 num dep\u00f3sito subterr\u00e2neo ao qual acudimos nos momentos dif\u00edceis. Somos chamados, ao contr\u00e1rio, a compartilhar a alegria de reconhecermos-mos eleitos e salvos pela miseric\u00f3rdia de Deus, para sermos testemunhas de que a f\u00e9 \u00e9 capaz de dar nova dire\u00e7\u00e3o aos nossos passos; que ela nos torna livres e fortes para estarmos dispon\u00edveis e id\u00f4neos para a miss\u00e3o (Is 6,8).<\/p>\n<p>Como \u00e9 bom descobrir que a f\u00e9 faz-nos sair de n\u00f3s mesmos, do nosso isolamento e, justamente porque somos colmados com a alegria de ser amigos de Cristo Senhor, ela nos dirige aos outros, tornando-nos naturalmente mission\u00e1rios!<\/p>\n<p>Queridos ministrantes mission\u00e1rios, quanto mais estareis pr\u00f3ximos do altar, mais vos lembrareis de conversar com Jesus na ora\u00e7\u00e3o di\u00e1ria, mais vos alimentareis da Palavra e do Corpo do Senhor, e sereis muito mais capazes de ir at\u00e9 ao pr\u00f3ximo, levando como dom aquilo que recebestes, dando com entusiasmo a alegria que vos foi dada.<\/p>\n<p>Obrigado pela vossa disponibilidade de servir o altar do Senhor, tornando este servi\u00e7o uma academia de educa\u00e7\u00e3o na f\u00e9 e na caridade ao pr\u00f3ximo. Obrigado tamb\u00e9m por terdes come\u00e7ado a responder ao Senhor, como o profeta Isa\u00edas: \u00abEis-me aqui, envia-me\u00bb.&#8221;<\/p>\n<p style=\"text-align: justify;\">Fonte: R\u00e1dio Vaticano<\/p>\n","protected":false},"excerpt":{"rendered":"<p>Acompanhe a \u00edntegra do discurso do Papa Francisco desta ter\u00e7a-feira (4), em ocasi\u00e3o da Peregrina\u00e7\u00e3o Internacional dos Ministrantes que est\u00e1 sendo realizada em Roma. O encontro dos 10 mil coroinhas e ac\u00f3litos com o Santo Padre aconteceu na Pra\u00e7a S\u00e3o Pedro, sob um forte calor na capital italiana e durante as V\u00e9speras, num momento direcionado [&hellip;]<\/p>\n","protected":false},"author":1,"featured_media":0,"comment_status":"closed","ping_status":"closed","sticky":false,"template":"","format":"standard","meta":{"footnotes":""},"categories":[3],"tags":[],"class_list":["post-6241","post","type-post","status-publish","format-standard","hentry","category-vaticano"],"_links":{"self":[{"href":"https:\/\/catolicanet.net\/wp-cnet\/wp-json\/wp\/v2\/posts\/6241","targetHints":{"allow":["GET"]}}],"collection":[{"href":"https:\/\/catolicanet.net\/wp-cnet\/wp-json\/wp\/v2\/posts"}],"about":[{"href":"https:\/\/catolicanet.net\/wp-cnet\/wp-json\/wp\/v2\/types\/post"}],"author":[{"embeddable":true,"href":"https:\/\/catolicanet.net\/wp-cnet\/wp-json\/wp\/v2\/users\/1"}],"replies":[{"embeddable":true,"href":"https:\/\/catolicanet.net\/wp-cnet\/wp-json\/wp\/v2\/comments?post=6241"}],"version-history":[{"count":1,"href":"https:\/\/catolicanet.net\/wp-cnet\/wp-json\/wp\/v2\/posts\/6241\/revisions"}],"predecessor-version":[{"id":11066,"href":"https:\/\/catolicanet.net\/wp-cnet\/wp-json\/wp\/v2\/posts\/6241\/revisions\/11066"}],"wp:attachment":[{"href":"https:\/\/catolicanet.net\/wp-cnet\/wp-json\/wp\/v2\/media?parent=6241"}],"wp:term":[{"taxonomy":"category","embeddable":true,"href":"https:\/\/catolicanet.net\/wp-cnet\/wp-json\/wp\/v2\/categories?post=6241"},{"taxonomy":"post_tag","embeddable":true,"href":"https:\/\/catolicanet.net\/wp-cnet\/wp-json\/wp\/v2\/tags?post=6241"}],"curies":[{"name":"wp","href":"https:\/\/api.w.org\/{rel}","templated":true}]}}