{"id":6234,"date":"2015-08-03T18:42:01","date_gmt":"2015-08-03T21:42:01","guid":{"rendered":"http:\/\/catolicanet.net\/wp-cnet\/praca-sao-pedro-9-mil-ministrantes-encontram-o-papa-nesta-terca\/"},"modified":"2017-04-10T16:34:39","modified_gmt":"2017-04-10T19:34:39","slug":"praca-sao-pedro-9-mil-ministrantes-encontram-o-papa-nesta-terca","status":"publish","type":"post","link":"https:\/\/catolicanet.net\/wp-cnet\/praca-sao-pedro-9-mil-ministrantes-encontram-o-papa-nesta-terca\/","title":{"rendered":"Pra\u00e7a S\u00e3o Pedro: 9 mil ministrantes encontram o Papa nesta ter\u00e7a"},"content":{"rendered":"<p style=\"text-align: justify;\"><img decoding=\"async\" src=\"http:\/\/catolicanet.com.br\/images\/stories\/geral\/encontram1.jpg\" border=\"0\" align=\"left\" \/>S\u00e3o cerca de 9 mil os ministrantes esperados para o encontro com o Papa Francisco na tarde desta ter\u00e7a-feira (4), na Pra\u00e7a S\u00e3o Pedro. Os coroinhas e ac\u00f3litos participam da Peregrina\u00e7\u00e3o Internacional que acontece a cada 5 anos em Roma e prov\u00eam de 20 pa\u00edses, entre eles, It\u00e1lia, Fran\u00e7a, Portugal, Su\u00ed\u00e7a, Hungria e S\u00e9rvia.<\/p>\n<p>Para a Organiza\u00e7\u00e3o Internacional dos Ministrantes ser\u00e1 um momento de festa, testemunhos, mas, sobretudo, de ora\u00e7\u00e3o, que vai culminar com a chegada do Papa Francisco para as V\u00e9speras em alem\u00e3o, h\u00fangaro, franc\u00eas e italiano \u2013 l\u00ednguas dos grupos mais numerosos. Antes da audi\u00eancia com o Pont\u00edfice, os ministrantes, entre os 14 a 30 anos de idade, v\u00e3o acompanhar duas horas de m\u00fasica \u2013 interpretada por bandas de diversos pa\u00edses.<\/p>\n<p>O presidente da Organiza\u00e7\u00e3o, Dom Ladislav Nemet, em entrevista \u00e0 R\u00e1dio Vaticano, explica que \u201cpara alguns deles ser\u00e1 a primeira possibilidade de ver a universalidade e a dimens\u00e3o comunit\u00e1ria da Igreja, mas tamb\u00e9m de encontrar a alegria da pr\u00f3pria miss\u00e3o\u201d.<\/p>\n<p>Dom Ladislav Nemet \u2013 \u201cEscolhemos como tema da peregrina\u00e7\u00e3o as palavras do profeta Isa\u00edas: \u2018Eis-me aqui, envia-me\u2019. Acreditamos que na idade dos coroinhas seja tamb\u00e9m importante encontrar a pr\u00f3pria estrada da vida e, assim, pensamos numa abertura tamb\u00e9m a Deus, nos anos mais dif\u00edceis. Toda a ora\u00e7\u00e3o est\u00e1 preparada nessa dimens\u00e3o, inclusive os textos das diversas can\u00e7\u00f5es resumem essa ideia da miss\u00e3o dos jovens na sociedade, na vida privada e na Igreja. A segunda coisa \u00e9 a paz, porque temos coroinhas que v\u00eam tamb\u00e9m da Ucr\u00e2nia. Depois, rezaremos tamb\u00e9m pelos imigrantes, ideias pr\u00f3ximas ao nosso Santo Padre, mas tamb\u00e9m aos nossos ministrantes. Vivemos, de fato, num mundo em que n\u00e3o se pode fechar os olhos e n\u00e3o ver o mundo que muda.\u201d<\/p>\n<p>R\u00e1dio Vaticano \u2013 Ser coroinha \u00e9 ainda uma coisa que atrai eles e fascina? E como se aproximar deles nessa dimens\u00e3o?<\/p>\n<p>LN \u2013 \u201cSe a liturgia \u00e9 celebrada bem, tem uma beleza que atrai. A segunda possibilidade \u00e9 a comunidade: se numa par\u00f3quia tem uma pessoa respons\u00e1vel que tem essa capacidade de reunir esses jovens, se far\u00e1 um grupo muito bonito. Transformar-se em coroinha n\u00e3o significa somente ir na igreja durante a liturgia, mas tamb\u00e9m assumir uma nova dimens\u00e3o de vida, relacionada com a nossa comunidade eclesial e com a comunidade que vive pr\u00f3xima \u00e0 par\u00f3quia.\u201d<\/p>\n<p>RV \u2013 O que o senhor ir\u00e1 enaltecer na sua sauda\u00e7\u00e3o ao Papa?<\/p>\n<p>LN \u2013 \u201cQueria salientar as expectativas dos jovens, de escutar uma palavra de coragem para esse servi\u00e7o, que vale a pena permanecer fiel a Cristo e \u00e0 nossa voca\u00e7\u00e3o. Sem d\u00favida o Santo Padre encontrar\u00e1 as palavras certas para tocar os jovens: \u00e9 incr\u00edvel com os jovens o amam! Se v\u00ea, onde quer que ele v\u00e1&#8230;\u201d.<\/p>\n<p>RV \u2013 O Papa diz, e talvez tenha sido a sua primeira palavra: \u2018v\u00e3o, saiam e alcancem as periferias\u201d, come ele faz sempre o chamamento. Ent\u00e3o, esse tema parece particularmente em linha com o magist\u00e9rio?<\/p>\n<p>LN \u2013 \u201cSim, porque \u2018Eis-me aqui, envia-me!\u2019 significa a disponibilidade de ir pra fora, a deixar o meu lugar&#8230; O profeta tinha uma vida muito tranquila e, quando o Senhor apareceu, o profeta deixou tudo. \u201cEnvia-me! Eu vou!\u201d, mesmo se \u00e0 uma periferia ou cidade grande: hoje a periferia pode ser tamb\u00e9m no centro de Roma. N\u00e3o existe uma defini\u00e7\u00e3o da periferia: a periferia s\u00e3o todos os espa\u00e7os onde as pessoas precisam de Jesus.\u201d<\/p>\n<p style=\"text-align: justify;\">Fonte: R\u00e1dio Vaticano<\/p>\n","protected":false},"excerpt":{"rendered":"<p>S\u00e3o cerca de 9 mil os ministrantes esperados para o encontro com o Papa Francisco na tarde desta ter\u00e7a-feira (4), na Pra\u00e7a S\u00e3o Pedro. Os coroinhas e ac\u00f3litos participam da Peregrina\u00e7\u00e3o Internacional que acontece a cada 5 anos em Roma e prov\u00eam de 20 pa\u00edses, entre eles, It\u00e1lia, Fran\u00e7a, Portugal, Su\u00ed\u00e7a, Hungria e S\u00e9rvia. Para [&hellip;]<\/p>\n","protected":false},"author":1,"featured_media":0,"comment_status":"closed","ping_status":"closed","sticky":false,"template":"","format":"standard","meta":{"footnotes":""},"categories":[3],"tags":[],"class_list":["post-6234","post","type-post","status-publish","format-standard","hentry","category-vaticano"],"_links":{"self":[{"href":"https:\/\/catolicanet.net\/wp-cnet\/wp-json\/wp\/v2\/posts\/6234","targetHints":{"allow":["GET"]}}],"collection":[{"href":"https:\/\/catolicanet.net\/wp-cnet\/wp-json\/wp\/v2\/posts"}],"about":[{"href":"https:\/\/catolicanet.net\/wp-cnet\/wp-json\/wp\/v2\/types\/post"}],"author":[{"embeddable":true,"href":"https:\/\/catolicanet.net\/wp-cnet\/wp-json\/wp\/v2\/users\/1"}],"replies":[{"embeddable":true,"href":"https:\/\/catolicanet.net\/wp-cnet\/wp-json\/wp\/v2\/comments?post=6234"}],"version-history":[{"count":1,"href":"https:\/\/catolicanet.net\/wp-cnet\/wp-json\/wp\/v2\/posts\/6234\/revisions"}],"predecessor-version":[{"id":11073,"href":"https:\/\/catolicanet.net\/wp-cnet\/wp-json\/wp\/v2\/posts\/6234\/revisions\/11073"}],"wp:attachment":[{"href":"https:\/\/catolicanet.net\/wp-cnet\/wp-json\/wp\/v2\/media?parent=6234"}],"wp:term":[{"taxonomy":"category","embeddable":true,"href":"https:\/\/catolicanet.net\/wp-cnet\/wp-json\/wp\/v2\/categories?post=6234"},{"taxonomy":"post_tag","embeddable":true,"href":"https:\/\/catolicanet.net\/wp-cnet\/wp-json\/wp\/v2\/tags?post=6234"}],"curies":[{"name":"wp","href":"https:\/\/api.w.org\/{rel}","templated":true}]}}