{"id":62326,"date":"2020-09-12T08:59:48","date_gmt":"2020-09-12T11:59:48","guid":{"rendered":"https:\/\/catolicanet.net\/wp-cnet\/?p=62326"},"modified":"2020-09-14T10:01:15","modified_gmt":"2020-09-14T13:01:15","slug":"nossa-senhora-das-dores-4","status":"publish","type":"post","link":"https:\/\/catolicanet.net\/wp-cnet\/nossa-senhora-das-dores-4\/","title":{"rendered":"Nossa Senhora das Dores"},"content":{"rendered":"<p style=\"text-align: justify;\">Celebramos no dia 15 de setembro, o Dia de Nossa Senhora das Dores, aquela que, mesmo vendo o seu Filho morrendo na cruz, n\u00e3o se desesperou e nem gritou, mas guardou tudo em seu cora\u00e7\u00e3o. Ela estava em p\u00e9 junto a cruz de Jesus. \u00c9 claro que a dor de perder um filho \u00e9 muito grande. Com certeza, Nossa Senhora sentiu uma dor profunda em sua alma \u2014 at\u00e9 por isso o t\u00edtulo dado \u00e0 Ela de \u201cdas Dores\u201d. Mas Nossa Senhora conservava e guardava tudo em seu cora\u00e7\u00e3o e sabia que tudo, o que estava acontecendo, era por vontade de Deus.<\/p>\n<p style=\"text-align: justify;\">Pe\u00e7amos neste dia dedicado \u00e0 Ela, que Nossa Senhora das Dores console todas as m\u00e3es que perderam precocemente os seus filhos, seja por doen\u00e7a, seja para o mundo do crime e das drogas e at\u00e9 mesmo, nestes tempos em que vivemos, pela Covid-19.<\/p>\n<p style=\"text-align: justify;\">Que este momento, que n\u00e3o \u00e9 f\u00e1cil e que muitas vezes n\u00e3o temos palavras para consolar a quem perde um filho, que Maria seja o apoio e conforte todas as m\u00e3es, dando-lhes o consolo necess\u00e1rio e for\u00e7as para que elas guardem todos os fatos e acontecimentos em seus cora\u00e7\u00f5es. A partir do momento em que elas \u201cdevolveram\u201d os seus filhos para Deus, alcancem a compreens\u00e3o de que Ele deu a vida e, agora, os resgatou para Ele.<\/p>\n<p style=\"text-align: justify;\">Nossa Senhora das Dores, tamb\u00e9m, conhecida como a M\u00e3e Dolorosa, \u00e9 um dos v\u00e1rios t\u00edtulos que Nossa Senhora recebeu. Este se refere \u00e0s dores que Nossa Senhora sofreu ao longo da sua vida terrestre, principalmente nos momentos da Paix\u00e3o de Cristo. O culto a Nossa Senhora das Dores \u00e9 bem antigo, remonta-se ao s\u00e9culo XII. Da\u00ed nos vem a tradi\u00e7\u00e3o de preparar a festa de Nossa Senhora das dores com o \u201cseten\u00e1rio\u201d contemplando as sete dores de Maria.<\/p>\n<p style=\"text-align: justify;\">Nossa Senhora das Dores, conhecida como a m\u00e3e da \u201c<em>Piedade\u201d<\/em>, tem expressa em seu rosto a piedade divina ao contemplar o seu Filho morrendo na cruz \u2014 assim como tantas outras dores que Ela sofreu durante a sua vida. Assim, somos convidados, a exemplo de Maria, a olhar com piedade, ou seja, com os olhos de Deus no que acontece na nossa vida, seja de bom ou de n\u00e3o t\u00e3o bom assim.<\/p>\n<p style=\"text-align: justify;\">Maria \u00e9 a M\u00e3e de todos n\u00f3s, diante da cruz, vendo o seu Filho sendo crucificado e, junto com Ela, o disc\u00edpulo amado, Jesus d\u00e1 a miss\u00e3o de Maria ser a M\u00e3e de todos os homens. Ele diz a Jo\u00e3o: \u201c<em>Filho, eis a tua m\u00e3e<\/em>\u201d e diz a Maria: <em>\u201cMulher, eis o teu filho<\/em>\u201d. Ao entregar \u00e0 sua M\u00e3e ao disc\u00edpulo amado, Ele entrega a toda a humanidade. E, ao disc\u00edpulo, acolh\u00ea-la consigo, \u00e9 toda a humanidade que a acolhe.<\/p>\n<p style=\"text-align: justify;\">Por isso, Ela \u00e9 a M\u00e3e de Deus e nossa, pois ela assumiu a condi\u00e7\u00e3o de ser a M\u00e3e do Filho de Deus e, consequentemente, \u00e9 M\u00e3e da humanidade inteira ao acolher Jo\u00e3o consigo. Ao se encontrarem, M\u00e3e e Filho, ambos trocam olhares e um compreende a miss\u00e3o do outro \u2014 Maria ao aceitar ser a M\u00e3e do Filho de Deus, conhecia a miss\u00e3o que iria abra\u00e7ar e Jesus sabia por que veio ao mundo. Maria n\u00e3o se desespera. Ao contr\u00e1rio. Em sil\u00eancio, contempla o seu Filho.<\/p>\n<p style=\"text-align: justify;\">Assim, Ela faz agora, l\u00e1 do c\u00e9u, intercedendo por cada um de n\u00f3s, sendo aquela M\u00e3e que consola as nossas dores e sofrimentos, sobretudo daquelas m\u00e3es que perderam os seus filhos. E, l\u00e1 no c\u00e9u, Ela contempla o seu Filho e os cruzam assim como cruzaram aqui na Terra. Um olhar de amor e compaix\u00e3o.<\/p>\n<p style=\"text-align: justify;\">Ao vermos a imagem de Nossa Senhora das Dores, observamos uma espada cravada em seu peito. \u00c9 a imagem das dores que Maria passou durante a sua vida terrestre, principalmente ao ver o seu Filho sendo morto numa cruz.<\/p>\n<p style=\"text-align: justify;\">Quantas m\u00e3es hoje n\u00e3o sentem uma espada atravessar a sua alma quando se deparam com seus filhos mortos? Principalmente nas viol\u00eancias, para as drogas, roubos, acidentes de carro, tantos jovens que t\u00e3o precocemente perdem a vida. Mas Maria ensina e nos d\u00e1 coragem a superar as dores assim como Ela superou.<\/p>\n<p style=\"text-align: justify;\">Nesse momento t\u00e3o dif\u00edcil para a humanidade, com a pandemia da Covid-19, somos convidados a nos unir \u00e0 Cruz de Cristo e a sermos consolados por Nossa Senhora das Dores, que, por meio Deles, tenhamos a certeza da vida eterna. Todos n\u00f3s somos passageiros aqui na Terra e almejamos viver eternamente ao lado de Deus. Que sejamos alimentados pela f\u00e9 e pela esperan\u00e7a na ressurrei\u00e7\u00e3o.<\/p>\n<p style=\"text-align: justify;\">Que a Virgem das Dores, que \u00e9 a nossa M\u00e3e, nos protega e console a todos que passam por momentos de tribula\u00e7\u00e3o. Que Ela nos inspire a viver o nosso apostolado, construindo aqui na Terra, o Reino de Deus. Am\u00e9m.<\/p>\n","protected":false},"excerpt":{"rendered":"<p>Celebramos no dia 15 de setembro, o Dia de Nossa Senhora das Dores, aquela que, mesmo vendo o seu Filho morrendo na cruz, n\u00e3o se desesperou e nem gritou, mas guardou tudo em seu cora\u00e7\u00e3o. Ela estava em p\u00e9 junto a cruz de Jesus. \u00c9 claro que a dor de perder um filho \u00e9 muito [&hellip;]<\/p>\n","protected":false},"author":5,"featured_media":55819,"comment_status":"open","ping_status":"closed","sticky":false,"template":"","format":"standard","meta":{"footnotes":""},"categories":[9],"tags":[],"class_list":["post-62326","post","type-post","status-publish","format-standard","has-post-thumbnail","hentry","category-artigos"],"_links":{"self":[{"href":"https:\/\/catolicanet.net\/wp-cnet\/wp-json\/wp\/v2\/posts\/62326","targetHints":{"allow":["GET"]}}],"collection":[{"href":"https:\/\/catolicanet.net\/wp-cnet\/wp-json\/wp\/v2\/posts"}],"about":[{"href":"https:\/\/catolicanet.net\/wp-cnet\/wp-json\/wp\/v2\/types\/post"}],"author":[{"embeddable":true,"href":"https:\/\/catolicanet.net\/wp-cnet\/wp-json\/wp\/v2\/users\/5"}],"replies":[{"embeddable":true,"href":"https:\/\/catolicanet.net\/wp-cnet\/wp-json\/wp\/v2\/comments?post=62326"}],"version-history":[{"count":1,"href":"https:\/\/catolicanet.net\/wp-cnet\/wp-json\/wp\/v2\/posts\/62326\/revisions"}],"predecessor-version":[{"id":62327,"href":"https:\/\/catolicanet.net\/wp-cnet\/wp-json\/wp\/v2\/posts\/62326\/revisions\/62327"}],"wp:featuredmedia":[{"embeddable":true,"href":"https:\/\/catolicanet.net\/wp-cnet\/wp-json\/wp\/v2\/media\/55819"}],"wp:attachment":[{"href":"https:\/\/catolicanet.net\/wp-cnet\/wp-json\/wp\/v2\/media?parent=62326"}],"wp:term":[{"taxonomy":"category","embeddable":true,"href":"https:\/\/catolicanet.net\/wp-cnet\/wp-json\/wp\/v2\/categories?post=62326"},{"taxonomy":"post_tag","embeddable":true,"href":"https:\/\/catolicanet.net\/wp-cnet\/wp-json\/wp\/v2\/tags?post=62326"}],"curies":[{"name":"wp","href":"https:\/\/api.w.org\/{rel}","templated":true}]}}