{"id":6222,"date":"2015-08-03T14:45:42","date_gmt":"2015-08-03T17:45:42","guid":{"rendered":"http:\/\/catolicanet.net\/wp-cnet\/novas-audiencias-gerais-durante-o-jubileu-da-misericordia\/"},"modified":"2017-04-10T16:39:03","modified_gmt":"2017-04-10T19:39:03","slug":"novas-audiencias-gerais-durante-o-jubileu-da-misericordia","status":"publish","type":"post","link":"https:\/\/catolicanet.net\/wp-cnet\/novas-audiencias-gerais-durante-o-jubileu-da-misericordia\/","title":{"rendered":"Novas audi\u00eancias gerais durante o Jubileu da Miseric\u00f3rdia"},"content":{"rendered":"<p style=\"text-align: justify;\"><img decoding=\"async\" src=\"http:\/\/catolicanet.com.br\/images\/stories\/geral\/radio vaticano1.jpg\" border=\"0\" align=\"left\" \/>O Prefeito da Casa Pontif\u00edcia, Dom Georg G\u00e4nswein, concedeu entrevista \u00e0 R\u00e1dio Vaticano neste s\u00e1bado (1\u00ba\/8). O Arcebispo afirmou que durante parte do Ano Santo da Miseric\u00f3rdia, entre janeiro e novembro de 2016, estar\u00e3o previstas audi\u00eancias gerais tamb\u00e9m nos s\u00e1bados, uma por m\u00eas.<\/p>\n<p>A medida quer favorecer os pedidos de numerosos peregrinos que vir\u00e3o a Roma para o Ano Jubilar. A primeira audi\u00eancia geral em um s\u00e1bado, confirmada at\u00e9 agora, ser\u00e1 no dia 30 de janeiro de 2016.<\/p>\n<p>Dom G\u00e4nswein recordou ainda que, no pr\u00f3ximo dia 26 de agosto, vai ser realizada a 100\u00aa Audi\u00eancia Geral do Pontificado de Francisco. Durante as diversas audi\u00eancias que concedeu, o Papa j\u00e1 encontrou cerca de 3 milh\u00f5es de pessoas.<\/p>\n<p style=\"text-align: justify;\">Fonte: R\u00e1dio Vaticano<\/p>\n","protected":false},"excerpt":{"rendered":"<p>O Prefeito da Casa Pontif\u00edcia, Dom Georg G\u00e4nswein, concedeu entrevista \u00e0 R\u00e1dio Vaticano neste s\u00e1bado (1\u00ba\/8). O Arcebispo afirmou que durante parte do Ano Santo da Miseric\u00f3rdia, entre janeiro e novembro de 2016, estar\u00e3o previstas audi\u00eancias gerais tamb\u00e9m nos s\u00e1bados, uma por m\u00eas. A medida quer favorecer os pedidos de numerosos peregrinos que vir\u00e3o a [&hellip;]<\/p>\n","protected":false},"author":1,"featured_media":0,"comment_status":"closed","ping_status":"closed","sticky":false,"template":"","format":"standard","meta":{"footnotes":""},"categories":[3],"tags":[],"class_list":["post-6222","post","type-post","status-publish","format-standard","hentry","category-vaticano"],"_links":{"self":[{"href":"https:\/\/catolicanet.net\/wp-cnet\/wp-json\/wp\/v2\/posts\/6222","targetHints":{"allow":["GET"]}}],"collection":[{"href":"https:\/\/catolicanet.net\/wp-cnet\/wp-json\/wp\/v2\/posts"}],"about":[{"href":"https:\/\/catolicanet.net\/wp-cnet\/wp-json\/wp\/v2\/types\/post"}],"author":[{"embeddable":true,"href":"https:\/\/catolicanet.net\/wp-cnet\/wp-json\/wp\/v2\/users\/1"}],"replies":[{"embeddable":true,"href":"https:\/\/catolicanet.net\/wp-cnet\/wp-json\/wp\/v2\/comments?post=6222"}],"version-history":[{"count":1,"href":"https:\/\/catolicanet.net\/wp-cnet\/wp-json\/wp\/v2\/posts\/6222\/revisions"}],"predecessor-version":[{"id":11083,"href":"https:\/\/catolicanet.net\/wp-cnet\/wp-json\/wp\/v2\/posts\/6222\/revisions\/11083"}],"wp:attachment":[{"href":"https:\/\/catolicanet.net\/wp-cnet\/wp-json\/wp\/v2\/media?parent=6222"}],"wp:term":[{"taxonomy":"category","embeddable":true,"href":"https:\/\/catolicanet.net\/wp-cnet\/wp-json\/wp\/v2\/categories?post=6222"},{"taxonomy":"post_tag","embeddable":true,"href":"https:\/\/catolicanet.net\/wp-cnet\/wp-json\/wp\/v2\/tags?post=6222"}],"curies":[{"name":"wp","href":"https:\/\/api.w.org\/{rel}","templated":true}]}}