{"id":62211,"date":"2020-09-08T09:17:02","date_gmt":"2020-09-08T12:17:02","guid":{"rendered":"https:\/\/catolicanet.net\/wp-cnet\/?p=62211"},"modified":"2020-09-08T11:18:33","modified_gmt":"2020-09-08T14:18:33","slug":"por-que-nao-devemos-pensar-que-maria-foi-mae-solteira","status":"publish","type":"post","link":"https:\/\/catolicanet.net\/wp-cnet\/por-que-nao-devemos-pensar-que-maria-foi-mae-solteira\/","title":{"rendered":"Por que n\u00e3o devemos pensar que Maria foi m\u00e3e solteira"},"content":{"rendered":"<h2 class=\"subtitle\" style=\"text-align: justify;\">Desde os primeiros tempos do Cristianismo, Maria foi referida como a \u201cesposa do Esp\u00edrito Santo\u201d; sob esse ponto de vista, ela n\u00e3o poderia ser uma m\u00e3e solteira<\/h2>\n<div class=\"base-post-content\" style=\"text-align: justify;\">Omundo cat\u00f3lico est\u00e1 repleto de exemplos de devo\u00e7\u00e3o a Maria, a m\u00e3e de Jesus. Meios de arte, incont\u00e1veis \u200b\u200blivros, as maiores catedrais, uma mir\u00edade de santos atrav\u00e9s dos tempos: todos deram testemunhos das inspira\u00e7\u00f5es recebidas enquanto contemplavam os m\u00e9ritos e a beleza de Maria.<\/p>\n<p style=\"text-align: justify;\">\n<p style=\"text-align: justify;\">O Beato Bartolo Long escreveu: \u201cQual \u00e9 a minha voca\u00e7\u00e3o? Escrever sobre Maria, para que Maria seja louvada, para que Maria seja amada \u201d. (Uma declara\u00e7\u00e3o not\u00e1vel de algu\u00e9m que, quando jovem, era um ocultista e satanista antes de ser levado \u00e0 convers\u00e3o e \u00e0 devo\u00e7\u00e3o ao Ros\u00e1rio).<\/p>\n<p style=\"text-align: justify;\">Sim, nunca ficamos sem coisas boas, verdadeiras e belas a dizer sobre Maria. Mas h\u00e1 algumas coisas que n\u00e3o devem ser ditas sobre ela, por mais bem-intencionadas que sejam. De vez em quando, diz-se que Maria foi \u201cm\u00e3e solteira\u201d. Acho que uma das ra\u00edzes desse erro \u00e9 um mal-entendido das Escrituras, bem como uma tentativa bem-intencionada, mas mesmo assim mal colocada, de despertar simpatia por Maria depois que o arcanjo Gabriel deu a ela a surpreendente not\u00edcia de que ela conceberia o Filho de Deus. A outra raiz desse erro \u00e9 uma compreens\u00e3o distorcida do papel do Esp\u00edrito Santo na vida de Maria. Vamos dar uma olhada em ambos.<\/p>\n<p style=\"text-align: justify;\">Estaremos em dificuldades se deixarmos de entender o conceito b\u00edblico de \u201cnoivado\u201d em a\u00e7\u00e3o na cultura judaica de Maria e Jos\u00e9. O Evangelho de Mateus, cap\u00edtulo 1, vers\u00edculo 18 diz:<\/p>\n<blockquote><p><em>\u201cEis como nasceu Jesus Cristo: Maria, sua m\u00e3e, estava desposada com Jos\u00e9. Antes de coabitarem, aconteceu que ela concebeu por virtude do Esp\u00edrito Santo.\u201d<\/em><\/p><\/blockquote>\n<p style=\"text-align: justify;\">O noivado era a primeira parte do casamento, comprometendo um homem e uma mulher como marido e mulher, mesmo antes de fazerem um lar juntos. No vers\u00edculo 19, Mateus continua:<\/p>\n<blockquote><p>\u201cJos\u00e9, seu esposo, que era homem de bem, n\u00e3o querendo difam\u00e1-la, resolveu deix\u00e1-la secretamente\u201d.<\/p><\/blockquote>\n<p style=\"text-align: justify;\">S\u00e3o Mateus deixa claro que Jos\u00e9 era seu marido, sen\u00e3o ele n\u00e3o teria pensado em se divorciar dela.<\/p>\n<div class=\"nativo-inread\" style=\"text-align: justify;\"><\/div>\n<p style=\"text-align: justify;\">Algumas pessoas, com a melhor das inten\u00e7\u00f5es, podem estar inclinadas a pensar que Maria foi \u201cm\u00e3e solteira\u201d a fim de despertar compaix\u00e3o pelas mulheres que se encontram enfrentando o que, \u00e0s vezes, \u00e9 chamado de \u201cuma gravidez de crise\u201d. Essas mulheres e seus filhos precisam de nossa compaix\u00e3o e apoio, mas n\u00e3o porque Maria era uma m\u00e3e solteira. Desde os primeiros tempos do Cristianismo, Maria foi referida como a \u201cesposa do Esp\u00edrito Santo\u201d; sob esse ponto de vista, ela n\u00e3o poderia ser uma m\u00e3e solteira.<\/p>\n<p style=\"text-align: justify;\">H\u00e1 mais de cem anos, o Papa Le\u00e3o XIII escreveu: \u201cV\u00f3s conheceis bem as rela\u00e7\u00f5es \u00edntimas e maravilhosas que existem entre Maria e o Esp\u00edrito Santo, para que ela seja justamente chamada de Sua Esposa\u201d. Ele confirma as palavras escritas por Santo Agostinho cerca de 1.400 anos antes: \u201cMaria foi a \u00fanica que mereceu ser chamada de M\u00e3e e Esposa de Deus\u201d. Sim, desde as primeiras reflex\u00f5es da Igreja, Maria foi corretamente chamada de \u201cM\u00e3e de Deus\u201d porque ela \u00e9 a m\u00e3e de Jesus que \u00e9 verdadeiro Deus e verdadeiro homem. Ela tamb\u00e9m \u00e9 chamada de esposa do Esp\u00edrito Santo (e, portanto, a \u201cesposa de Deus\u201d).<\/p>\n<p style=\"text-align: justify;\">O que quero dizer com isso? Que o casamento \u00e9 caracterizado por um amor pleno, livre, fiel e fecundo. Maria, \u201ccheia de gra\u00e7a\u201d (Lucas 1,28), \u00e9 preservada do pecado original desde o momento de sua Imaculada Concei\u00e7\u00e3o. O amor divino por Maria \u00e9 gratuito, na medida em que Deus escolheu am\u00e1-la como express\u00e3o de sua provid\u00eancia e soberania. Esse amor \u00e9 fiel, pois nunca falha e nunca \u00e9 retirado dela. \u00c9 um amor fecundo, porque esse amor resulta na concep\u00e7\u00e3o de Cristo, que \u00e9 filho de Deus e filho de Maria. Assim entendida, Maria \u00e9 corretamente chamada de \u201ca esposa do Esp\u00edrito Santo\u201d.<\/p>\n<p style=\"text-align: justify;\">Qual \u00e9 a conclus\u00e3o desta li\u00e7\u00e3o de teologia? Simplesmente isto: se queremos ajudar a causa pr\u00f3-vida e inspirar generosidade em favor das mulheres em dificuldades, podemos e devemos faz\u00ea-lo porque Maria \u00e9 a prova de que Deus est\u00e1 trabalhando amorosamente na vida humana desde o momento da concep\u00e7\u00e3o. Maria \u00e9 justamente a maior inspira\u00e7\u00e3o para os crist\u00e3os que defendem a causa pr\u00f3-vida, porque ela escolheu cooperar com a obra do Deus que d\u00e1 vida, e n\u00e3o por causa de um apelo mal aplicado de piedade como uma m\u00e3e solteira.<\/p>\n<p style=\"text-align: justify;\">Vamos, portanto, orar e trabalharmos juntos para defender o presente dado por Deus de cada vida humana, desde a concep\u00e7\u00e3o at\u00e9 a morte natural.<\/p>\n<\/div>\n","protected":false},"excerpt":{"rendered":"<p>Desde os primeiros tempos do Cristianismo, Maria foi referida como a \u201cesposa do Esp\u00edrito Santo\u201d; sob esse ponto de vista, ela n\u00e3o poderia ser uma m\u00e3e solteira Omundo cat\u00f3lico est\u00e1 repleto de exemplos de devo\u00e7\u00e3o a Maria, a m\u00e3e de Jesus. Meios de arte, incont\u00e1veis \u200b\u200blivros, as maiores catedrais, uma mir\u00edade de santos atrav\u00e9s dos [&hellip;]<\/p>\n","protected":false},"author":1,"featured_media":62212,"comment_status":"open","ping_status":"closed","sticky":false,"template":"","format":"standard","meta":{"footnotes":""},"categories":[4],"tags":[],"class_list":["post-62211","post","type-post","status-publish","format-standard","has-post-thumbnail","hentry","category-cotidiano"],"_links":{"self":[{"href":"https:\/\/catolicanet.net\/wp-cnet\/wp-json\/wp\/v2\/posts\/62211","targetHints":{"allow":["GET"]}}],"collection":[{"href":"https:\/\/catolicanet.net\/wp-cnet\/wp-json\/wp\/v2\/posts"}],"about":[{"href":"https:\/\/catolicanet.net\/wp-cnet\/wp-json\/wp\/v2\/types\/post"}],"author":[{"embeddable":true,"href":"https:\/\/catolicanet.net\/wp-cnet\/wp-json\/wp\/v2\/users\/1"}],"replies":[{"embeddable":true,"href":"https:\/\/catolicanet.net\/wp-cnet\/wp-json\/wp\/v2\/comments?post=62211"}],"version-history":[{"count":1,"href":"https:\/\/catolicanet.net\/wp-cnet\/wp-json\/wp\/v2\/posts\/62211\/revisions"}],"predecessor-version":[{"id":62213,"href":"https:\/\/catolicanet.net\/wp-cnet\/wp-json\/wp\/v2\/posts\/62211\/revisions\/62213"}],"wp:featuredmedia":[{"embeddable":true,"href":"https:\/\/catolicanet.net\/wp-cnet\/wp-json\/wp\/v2\/media\/62212"}],"wp:attachment":[{"href":"https:\/\/catolicanet.net\/wp-cnet\/wp-json\/wp\/v2\/media?parent=62211"}],"wp:term":[{"taxonomy":"category","embeddable":true,"href":"https:\/\/catolicanet.net\/wp-cnet\/wp-json\/wp\/v2\/categories?post=62211"},{"taxonomy":"post_tag","embeddable":true,"href":"https:\/\/catolicanet.net\/wp-cnet\/wp-json\/wp\/v2\/tags?post=62211"}],"curies":[{"name":"wp","href":"https:\/\/api.w.org\/{rel}","templated":true}]}}