{"id":62187,"date":"2020-09-08T10:45:24","date_gmt":"2020-09-08T13:45:24","guid":{"rendered":"https:\/\/catolicanet.net\/wp-cnet\/?p=62187"},"modified":"2020-09-08T10:45:24","modified_gmt":"2020-09-08T13:45:24","slug":"papa-maria-cuida-com-carinho-deste-mundo-ferido","status":"publish","type":"post","link":"https:\/\/catolicanet.net\/wp-cnet\/papa-maria-cuida-com-carinho-deste-mundo-ferido\/","title":{"rendered":"Papa: Maria, cuida com carinho deste mundo ferido"},"content":{"rendered":"<div class=\"article__subTitle\" style=\"text-align: justify;\">Atrav\u00e9s de um tu\u00edte, o Papa Francisco confia a Nossa Senhora &#8220;este mundo ferido&#8221;, no dia em que a Igreja celebra a Natividade de Maria.<\/div>\n<div class=\"title__separator\" style=\"text-align: justify;\"><\/div>\n<div class=\"article__text\">\n<p style=\"text-align: justify;\"><b>Vatican News<\/b><\/p>\n<div style=\"text-align: justify;\">\n<div class=\"article__embed article__embed--border embed_style\">\n<blockquote><p>\u201cMaria, a m\u00e3e que cuidou de Jesus, cuida com carinho e preocupa\u00e7\u00e3o materna tamb\u00e9m deste mundo ferido.\u201d<\/p><\/blockquote>\n<\/div>\n<\/div>\n<p style=\"text-align: justify;\">Com uma mensagem no Twitter, o Papa Francisco recorda hoje a Natividade de Nossa Senhora.<\/p>\n<div style=\"text-align: justify;\">\n<div class=\"article__embed article__embed--unwrap article__embed--dark\">\n<div class=\"article__innerTitle\">Ou\u00e7a a reportagem<\/div>\n<div>\n<!--[if lt IE 9]><script>document.createElement('audio');<\/script><![endif]-->\n<audio class=\"wp-audio-shortcode\" id=\"audio-62187-1\" preload=\"none\" style=\"width: 100%;\" controls=\"controls\"><source type=\"audio\/mpeg\" src=\"https:\/\/media.vaticannews.va\/media\/audio\/s1\/2020\/09\/08\/11\/135710697_F135710697.mp3?_=1\" \/><a href=\"https:\/\/media.vaticannews.va\/media\/audio\/s1\/2020\/09\/08\/11\/135710697_F135710697.mp3\">https:\/\/media.vaticannews.va\/media\/audio\/s1\/2020\/09\/08\/11\/135710697_F135710697.mp3<\/a><\/audio>\n<\/div>\n<\/div>\n<\/div>\n<p style=\"text-align: justify;\">A festa da Natividade de Maria projeta a sua luz sobre n\u00f3s, disse o Pont\u00edfice numa homilia de 8 de setembro de 2017.<\/p>\n<p style=\"text-align: justify;\">\u201cMaria \u00e9 o primeiro esplendor que anuncia o fim da noite e, sobretudo, a proximidade do dia. O seu nascimento faz-nos intuir a iniciativa amorosa, terna e compassiva do amor com que Deus Se inclina sobre n\u00f3s e nos chama para uma alian\u00e7a maravilhosa com Ele, que nada e ningu\u00e9m poder\u00e1 romper.<\/p>\n<p style=\"text-align: justify;\">Maria soube ser transpar\u00eancia da luz de Deus e refletiu os fulgores desta luz na sua casa, que partilhou com Jos\u00e9 e Jesus, e tamb\u00e9m no seu povo, na sua na\u00e7\u00e3o e na casa comum de toda a humanidade que \u00e9 a cria\u00e7\u00e3o.<\/p>\n<p style=\"text-align: justify;\">No Evangelho, ouvimos a genealogia de Jesus (cf.\u00a0<i>Mt<\/i>\u00a01, 1-17), que n\u00e3o \u00e9 uma mera lista de nomes, mas hist\u00f3ria viva, hist\u00f3ria dum povo com o qual Deus caminhou e, ao fazer-Se um de n\u00f3s, quis anunciar que, no seu sangue, corre a hist\u00f3ria de justos e pecadores, que a nossa salva\u00e7\u00e3o n\u00e3o \u00e9 uma salva\u00e7\u00e3o ass\u00e9tica, de laborat\u00f3rio, mas concreta, uma salva\u00e7\u00e3o de vida que caminha.<\/p>\n<p style=\"text-align: justify;\">Esta longa lista diz-nos que somos uma pequena parte duma longa hist\u00f3ria e ajuda-nos a n\u00e3o pretender protagonismos excessivos, ajuda-nos a fugir da tenta\u00e7\u00e3o de espiritualismos evasivos, a n\u00e3o abstrair das coordenadas hist\u00f3ricas concretas em que nos cabe viver. E tamb\u00e9m integra, na nossa hist\u00f3ria de salva\u00e7\u00e3o, aquelas p\u00e1ginas mais obscuras ou tristes, os momentos de desola\u00e7\u00e3o e abandono compar\u00e1veis ao ex\u00edlio.\u201d<\/p>\n<p style=\"text-align: justify;\">Os momentos de desola\u00e7\u00e3o que hoje ferem o mundo s\u00e3o in\u00fameros, como denuncia o Pont\u00edfice. A pandemia acirrou as consequ\u00eancias das desigualdades sociais, somando-se aos problemas j\u00e1 existentes, como migra\u00e7\u00e3o for\u00e7ada, desnutri\u00e7\u00e3o, analfabetismo, conflitos, guerras e destrui\u00e7\u00e3o do meio ambiente.<\/p>\n<p style=\"text-align: justify;\">Maria, com o seu \u00absim\u00bb generoso, permitiu que Deus cuidasse desta hist\u00f3ria. E hoje pedimos a Nossa Senhora que cuide \u201cdeste mundo ferido\u201d.<\/p>\n<\/div>\n","protected":false},"excerpt":{"rendered":"<p>Atrav\u00e9s de um tu\u00edte, o Papa Francisco confia a Nossa Senhora &#8220;este mundo ferido&#8221;, no dia em que a Igreja celebra a Natividade de Maria. Vatican News \u201cMaria, a m\u00e3e que cuidou de Jesus, cuida com carinho e preocupa\u00e7\u00e3o materna tamb\u00e9m deste mundo ferido.\u201d Com uma mensagem no Twitter, o Papa Francisco recorda hoje a [&hellip;]<\/p>\n","protected":false},"author":1,"featured_media":62188,"comment_status":"open","ping_status":"closed","sticky":false,"template":"","format":"standard","meta":{"footnotes":""},"categories":[3],"tags":[],"class_list":["post-62187","post","type-post","status-publish","format-standard","has-post-thumbnail","hentry","category-vaticano"],"_links":{"self":[{"href":"https:\/\/catolicanet.net\/wp-cnet\/wp-json\/wp\/v2\/posts\/62187","targetHints":{"allow":["GET"]}}],"collection":[{"href":"https:\/\/catolicanet.net\/wp-cnet\/wp-json\/wp\/v2\/posts"}],"about":[{"href":"https:\/\/catolicanet.net\/wp-cnet\/wp-json\/wp\/v2\/types\/post"}],"author":[{"embeddable":true,"href":"https:\/\/catolicanet.net\/wp-cnet\/wp-json\/wp\/v2\/users\/1"}],"replies":[{"embeddable":true,"href":"https:\/\/catolicanet.net\/wp-cnet\/wp-json\/wp\/v2\/comments?post=62187"}],"version-history":[{"count":1,"href":"https:\/\/catolicanet.net\/wp-cnet\/wp-json\/wp\/v2\/posts\/62187\/revisions"}],"predecessor-version":[{"id":62189,"href":"https:\/\/catolicanet.net\/wp-cnet\/wp-json\/wp\/v2\/posts\/62187\/revisions\/62189"}],"wp:featuredmedia":[{"embeddable":true,"href":"https:\/\/catolicanet.net\/wp-cnet\/wp-json\/wp\/v2\/media\/62188"}],"wp:attachment":[{"href":"https:\/\/catolicanet.net\/wp-cnet\/wp-json\/wp\/v2\/media?parent=62187"}],"wp:term":[{"taxonomy":"category","embeddable":true,"href":"https:\/\/catolicanet.net\/wp-cnet\/wp-json\/wp\/v2\/categories?post=62187"},{"taxonomy":"post_tag","embeddable":true,"href":"https:\/\/catolicanet.net\/wp-cnet\/wp-json\/wp\/v2\/tags?post=62187"}],"curies":[{"name":"wp","href":"https:\/\/api.w.org\/{rel}","templated":true}]}}