{"id":6215,"date":"2015-07-31T19:00:44","date_gmt":"2015-07-31T22:00:44","guid":{"rendered":"http:\/\/catolicanet.net\/wp-cnet\/encontro-nacional-reunira-assessores-e-responsaveis-pela-evangelizacao-da-juventude\/"},"modified":"2017-04-10T16:42:24","modified_gmt":"2017-04-10T19:42:24","slug":"encontro-nacional-reunira-assessores-e-responsaveis-pela-evangelizacao-da-juventude","status":"publish","type":"post","link":"https:\/\/catolicanet.net\/wp-cnet\/encontro-nacional-reunira-assessores-e-responsaveis-pela-evangelizacao-da-juventude\/","title":{"rendered":"Encontro Nacional reunir\u00e1 assessores e respons\u00e1veis pela evangeliza\u00e7\u00e3o da juventude"},"content":{"rendered":"<p style=\"text-align: justify;\"><img decoding=\"async\" src=\"http:\/\/catolicanet.com.br\/images\/stories\/geral\/evangelizacao.jpg\" border=\"0\" align=\"left\" \/>Est\u00e3o abertas as inscri\u00e7\u00f5es para o 8\u00ba Encontro Nacional dos Respons\u00e1veis Diocesanos pela Evangeliza\u00e7\u00e3o da Juventude e dos Assessores Adultos das Express\u00f5es Juvenis (Pastorais da Juventude, Movimentos, Congrega\u00e7\u00f5es e Novas Comunidades). A finalidade do evento \u00e9 dar continuidade ao processo de revitaliza\u00e7\u00e3o da Pastoral Juvenil. S\u00e3o convidados bispos referenciais, respons\u00e1veis e assessores adultos das dioceses e de cada express\u00e3o juvenil. As inscri\u00e7\u00f5es prosseguir\u00e3o at\u00e9 o dia 15 de agosto, no site dos Jovens Conectados.<\/p>\n<p> A forma\u00e7\u00e3o ocorrer\u00e1 de 20 a 22 de agosto, em Aparecida (SP). Na ocasi\u00e3o, ser\u00e3o aprofundados os tr\u00eas eixos do projeto de evangeliza\u00e7\u00e3o da juventude proposto pela Confer\u00eancia Nacional dos Bispos do Brasil (CNBB): \u201cMiss\u00e3o, Assessoria e Estruturas de Acompanhamento\u201d. Em carta, o bispo de Caxias do Maranh\u00e3o e presidente da Comiss\u00e3o Episcopal Pastoral para a Juventude da CNBB, dom Vilsom Basso, motiva as lideran\u00e7as para o encontro.<\/p>\n<p>O primeiro dia ser\u00e1 dedicado a momentos de espiritualidade e forma\u00e7\u00e3o. As linhas de a\u00e7\u00e3o do Projeto Rota 300 ser\u00e3o debatidas no segundo dia, com lan\u00e7amento do Hino da Jornada Mundial da Juventude &#8211; JMJ 2016. A manh\u00e3 do terceiro dia ser\u00e1 dedicada \u00e0 reflex\u00e3o das Diretrizes Gerais da CNBB.<\/p>\n<p>O Projeto Rota 300 &#8211; \u201c300 anos de b\u00ean\u00e7\u00e3os: com a M\u00e3e Aparecida, Juventude em Miss\u00e3o\u201d \u00e9 uma das iniciativas de revitaliza\u00e7\u00e3o da Pastoral Juvenil e realiza a peregrina\u00e7\u00e3o da imagem de Nossa Senhora nas dioceses do Brasil.\u00a0 O Rota 300 visa, tamb\u00e9m, favorecer a\u00e7\u00f5es e experi\u00eancias mission\u00e1rias significativas para os jovens e anim\u00e1-los no engajamento em suas comunidades de origem.<\/p>\n<p style=\"text-align: justify;\">Fonte: CNBB<\/p>\n","protected":false},"excerpt":{"rendered":"<p>Est\u00e3o abertas as inscri\u00e7\u00f5es para o 8\u00ba Encontro Nacional dos Respons\u00e1veis Diocesanos pela Evangeliza\u00e7\u00e3o da Juventude e dos Assessores Adultos das Express\u00f5es Juvenis (Pastorais da Juventude, Movimentos, Congrega\u00e7\u00f5es e Novas Comunidades). A finalidade do evento \u00e9 dar continuidade ao processo de revitaliza\u00e7\u00e3o da Pastoral Juvenil. S\u00e3o convidados bispos referenciais, respons\u00e1veis e assessores adultos das dioceses [&hellip;]<\/p>\n","protected":false},"author":1,"featured_media":0,"comment_status":"closed","ping_status":"closed","sticky":false,"template":"","format":"standard","meta":{"footnotes":""},"categories":[7],"tags":[],"class_list":["post-6215","post","type-post","status-publish","format-standard","hentry","category-cnbb"],"_links":{"self":[{"href":"https:\/\/catolicanet.net\/wp-cnet\/wp-json\/wp\/v2\/posts\/6215","targetHints":{"allow":["GET"]}}],"collection":[{"href":"https:\/\/catolicanet.net\/wp-cnet\/wp-json\/wp\/v2\/posts"}],"about":[{"href":"https:\/\/catolicanet.net\/wp-cnet\/wp-json\/wp\/v2\/types\/post"}],"author":[{"embeddable":true,"href":"https:\/\/catolicanet.net\/wp-cnet\/wp-json\/wp\/v2\/users\/1"}],"replies":[{"embeddable":true,"href":"https:\/\/catolicanet.net\/wp-cnet\/wp-json\/wp\/v2\/comments?post=6215"}],"version-history":[{"count":1,"href":"https:\/\/catolicanet.net\/wp-cnet\/wp-json\/wp\/v2\/posts\/6215\/revisions"}],"predecessor-version":[{"id":11091,"href":"https:\/\/catolicanet.net\/wp-cnet\/wp-json\/wp\/v2\/posts\/6215\/revisions\/11091"}],"wp:attachment":[{"href":"https:\/\/catolicanet.net\/wp-cnet\/wp-json\/wp\/v2\/media?parent=6215"}],"wp:term":[{"taxonomy":"category","embeddable":true,"href":"https:\/\/catolicanet.net\/wp-cnet\/wp-json\/wp\/v2\/categories?post=6215"},{"taxonomy":"post_tag","embeddable":true,"href":"https:\/\/catolicanet.net\/wp-cnet\/wp-json\/wp\/v2\/tags?post=6215"}],"curies":[{"name":"wp","href":"https:\/\/api.w.org\/{rel}","templated":true}]}}