{"id":6209,"date":"2015-07-31T16:43:42","date_gmt":"2015-07-31T19:43:42","guid":{"rendered":"http:\/\/catolicanet.net\/wp-cnet\/pastoral-nipo-brasileira-promove-congresso-nacional\/"},"modified":"2017-04-10T16:45:44","modified_gmt":"2017-04-10T19:45:44","slug":"pastoral-nipo-brasileira-promove-congresso-nacional","status":"publish","type":"post","link":"https:\/\/catolicanet.net\/wp-cnet\/pastoral-nipo-brasileira-promove-congresso-nacional\/","title":{"rendered":"Pastoral Nipo-Brasileira promove Congresso Nacional"},"content":{"rendered":"<p style=\"text-align: justify;\"><img decoding=\"async\" src=\"http:\/\/catolicanet.com.br\/images\/stories\/geral\/pastoral1.jpg\" border=\"0\" align=\"left\" \/>A partir dos temas Espiritualidade e Fam\u00edlia, a Pastoral Nipo-Brasileira (Panib), que integra o Setor Pastoral da Mobilidade Humana da Confer\u00eancia Nacional dos Bispos do Brasil (CNBB), realizou seu 53\u00ba Congresso Nacional, de 20 a 23 de julho, no Recanto Bet\u00e2nia, em Embu Gua\u00e7u (SP). O evento contou com 40 participantes oriundos de S\u00e3o Paulo, Rio de Janeiro, Paran\u00e1, Estados Unidos e Jap\u00e3o.<\/p>\n<p>A Evangeliza\u00e7\u00e3o foi o assunto trabalhado no primeiro dia do congresso pelo bispo auxiliar de S\u00e3o Paulo, dom Julio Endi Akamine, que apresentou os desafios e est\u00edmulos espirituais do an\u00fancio do Evangelho, assim como a miss\u00e3o a partir da Exorta\u00e7\u00e3o Apost\u00f3lica Evangelii Guadium.\u00a0 <\/p>\n<p>Em prepara\u00e7\u00e3o ao pr\u00f3ximo S\u00ednodo Ordin\u00e1rio dos Bispos, a Fam\u00edlia foi outro tema debatido no encontro, com a assessoria do frei Rog\u00e9rio Pereira Xavier, da Ordem Franciscana Conventual e professor de \u00c9tica na Faculdade de Filosofia. <\/p>\n<p>A Panib \u00e9 uma associa\u00e7\u00e3o c\u00edvico-religiosa. Foi fundada em 1967 e congrega mission\u00e1rios cat\u00f3licos dedicados direta ou indiretamente \u00e0 evangeliza\u00e7\u00e3o e catequese junto aos japoneses e seus decentes radicados no Brasil, com o objetivo de lev\u00e1-los \u00e0 comunh\u00e3o eclesial e \u00e0 solidariedade humana.<\/p>\n<p style=\"text-align: justify;\">Fonte: CNBB<\/p>\n","protected":false},"excerpt":{"rendered":"<p>A partir dos temas Espiritualidade e Fam\u00edlia, a Pastoral Nipo-Brasileira (Panib), que integra o Setor Pastoral da Mobilidade Humana da Confer\u00eancia Nacional dos Bispos do Brasil (CNBB), realizou seu 53\u00ba Congresso Nacional, de 20 a 23 de julho, no Recanto Bet\u00e2nia, em Embu Gua\u00e7u (SP). O evento contou com 40 participantes oriundos de S\u00e3o Paulo, [&hellip;]<\/p>\n","protected":false},"author":1,"featured_media":0,"comment_status":"closed","ping_status":"closed","sticky":false,"template":"","format":"standard","meta":{"footnotes":""},"categories":[7],"tags":[],"class_list":["post-6209","post","type-post","status-publish","format-standard","hentry","category-cnbb"],"_links":{"self":[{"href":"https:\/\/catolicanet.net\/wp-cnet\/wp-json\/wp\/v2\/posts\/6209","targetHints":{"allow":["GET"]}}],"collection":[{"href":"https:\/\/catolicanet.net\/wp-cnet\/wp-json\/wp\/v2\/posts"}],"about":[{"href":"https:\/\/catolicanet.net\/wp-cnet\/wp-json\/wp\/v2\/types\/post"}],"author":[{"embeddable":true,"href":"https:\/\/catolicanet.net\/wp-cnet\/wp-json\/wp\/v2\/users\/1"}],"replies":[{"embeddable":true,"href":"https:\/\/catolicanet.net\/wp-cnet\/wp-json\/wp\/v2\/comments?post=6209"}],"version-history":[{"count":1,"href":"https:\/\/catolicanet.net\/wp-cnet\/wp-json\/wp\/v2\/posts\/6209\/revisions"}],"predecessor-version":[{"id":11097,"href":"https:\/\/catolicanet.net\/wp-cnet\/wp-json\/wp\/v2\/posts\/6209\/revisions\/11097"}],"wp:attachment":[{"href":"https:\/\/catolicanet.net\/wp-cnet\/wp-json\/wp\/v2\/media?parent=6209"}],"wp:term":[{"taxonomy":"category","embeddable":true,"href":"https:\/\/catolicanet.net\/wp-cnet\/wp-json\/wp\/v2\/categories?post=6209"},{"taxonomy":"post_tag","embeddable":true,"href":"https:\/\/catolicanet.net\/wp-cnet\/wp-json\/wp\/v2\/tags?post=6209"}],"curies":[{"name":"wp","href":"https:\/\/api.w.org\/{rel}","templated":true}]}}