{"id":62055,"date":"2020-09-02T09:57:25","date_gmt":"2020-09-02T12:57:25","guid":{"rendered":"https:\/\/catolicanet.net\/wp-cnet\/?p=62055"},"modified":"2020-09-02T12:58:51","modified_gmt":"2020-09-02T15:58:51","slug":"um-salmo-para-te-ajudar-a-enfrentar-a-covid-19","status":"publish","type":"post","link":"https:\/\/catolicanet.net\/wp-cnet\/um-salmo-para-te-ajudar-a-enfrentar-a-covid-19\/","title":{"rendered":"Um Salmo para te ajudar a enfrentar a Covid-19"},"content":{"rendered":"<h2 class=\"subtitle\" style=\"text-align: justify;\">O Salmo 23 nos lembra que, embora a morte nos rodeie, Deus est\u00e1 sempre ao nosso lado<\/h2>\n<div class=\"base-post-content\" style=\"text-align: justify;\">O ano de 2020 vai ficar marcado para sempre pelos efeitos da Covid-19. Tem sido um ano\u00a0 estressante para muita gente em todo o mundo. H\u00e1 o medo de contrair a doen\u00e7a e sofrer os seus efeitos. H\u00e1 tamb\u00e9m o desemprego e outras consequ\u00eancias da crise global provocada pelo novo coronav\u00edrus.<\/p>\n<p style=\"text-align: justify;\">\n<p style=\"text-align: justify;\">No entanto, n\u00e3o \u00e9 saud\u00e1vel viver em um estado perp\u00e9tuo de medo. Certamente devemos tomar todas as precau\u00e7\u00f5es necess\u00e1rias, mas em algum momento precisamos abrir m\u00e3o do controle de nossa vida e deix\u00e1-la nas m\u00e3os de Deus.<\/p>\n<p style=\"text-align: justify;\">N\u00e3o podemos controlar (ou prever) se ficaremos ou n\u00e3o doentes e n\u00e3o podemos controlar se aqueles que amamos morrer\u00e3o por causa disso ou daquilo. O que podemos fazer \u00e9 confiar em Deus.<\/p>\n<p style=\"text-align: justify;\">Uma passagem da B\u00edblia que pode nos ajudar a suportar a situa\u00e7\u00e3o atual \u00e9 o Salmo 23. Ele tem dado conforto a in\u00fameras almas em tempos de escurid\u00e3o e pode nos dar paz quando somos confrontados com a incerteza.<\/p>\n<p style=\"text-align: justify;\">Segue abaixo um trecho do Salmo 23 que pode ser recitado diariamente, sempre nos lembrando que Deus est\u00e1 ao nosso lado:<\/p>\n<blockquote><p><em>\u201cO Senhor \u00e9 meu pastor,<\/em><\/p>\n<p><em>nada me falta.\u00a0<\/em><\/p>\n<p><em>Em verdes prados me faz descansar,\u00a0<\/em><\/p>\n<p><em>e conduz-me \u00e0s \u00e1guas refrescantes.<\/em><\/p>\n<p><em>Reconforta a minha alma,<\/em><\/p>\n<p><em>guia-me pelos caminhos retos,\u00a0<\/em><\/p>\n<p><em>por amor do seu nome.<\/em><\/p>\n<p><em>Mesmo que atravesse os vales sombrios,\u00a0<\/em><\/p>\n<p><em>nenhum mal temerei, porque estais comigo;<\/em><\/p>\n<p><em>o vosso bast\u00e3o e o vosso cajado\u00a0<\/em><\/p>\n<p><em>d\u00e3o-me conforto.\u201d<\/em><\/p><\/blockquote>\n<\/div>\n","protected":false},"excerpt":{"rendered":"<p>O Salmo 23 nos lembra que, embora a morte nos rodeie, Deus est\u00e1 sempre ao nosso lado O ano de 2020 vai ficar marcado para sempre pelos efeitos da Covid-19. Tem sido um ano\u00a0 estressante para muita gente em todo o mundo. H\u00e1 o medo de contrair a doen\u00e7a e sofrer os seus efeitos. H\u00e1 [&hellip;]<\/p>\n","protected":false},"author":1,"featured_media":62056,"comment_status":"open","ping_status":"closed","sticky":false,"template":"","format":"standard","meta":{"footnotes":""},"categories":[4],"tags":[],"class_list":["post-62055","post","type-post","status-publish","format-standard","has-post-thumbnail","hentry","category-cotidiano"],"_links":{"self":[{"href":"https:\/\/catolicanet.net\/wp-cnet\/wp-json\/wp\/v2\/posts\/62055","targetHints":{"allow":["GET"]}}],"collection":[{"href":"https:\/\/catolicanet.net\/wp-cnet\/wp-json\/wp\/v2\/posts"}],"about":[{"href":"https:\/\/catolicanet.net\/wp-cnet\/wp-json\/wp\/v2\/types\/post"}],"author":[{"embeddable":true,"href":"https:\/\/catolicanet.net\/wp-cnet\/wp-json\/wp\/v2\/users\/1"}],"replies":[{"embeddable":true,"href":"https:\/\/catolicanet.net\/wp-cnet\/wp-json\/wp\/v2\/comments?post=62055"}],"version-history":[{"count":1,"href":"https:\/\/catolicanet.net\/wp-cnet\/wp-json\/wp\/v2\/posts\/62055\/revisions"}],"predecessor-version":[{"id":62057,"href":"https:\/\/catolicanet.net\/wp-cnet\/wp-json\/wp\/v2\/posts\/62055\/revisions\/62057"}],"wp:featuredmedia":[{"embeddable":true,"href":"https:\/\/catolicanet.net\/wp-cnet\/wp-json\/wp\/v2\/media\/62056"}],"wp:attachment":[{"href":"https:\/\/catolicanet.net\/wp-cnet\/wp-json\/wp\/v2\/media?parent=62055"}],"wp:term":[{"taxonomy":"category","embeddable":true,"href":"https:\/\/catolicanet.net\/wp-cnet\/wp-json\/wp\/v2\/categories?post=62055"},{"taxonomy":"post_tag","embeddable":true,"href":"https:\/\/catolicanet.net\/wp-cnet\/wp-json\/wp\/v2\/tags?post=62055"}],"curies":[{"name":"wp","href":"https:\/\/api.w.org\/{rel}","templated":true}]}}