{"id":62043,"date":"2020-09-02T09:47:26","date_gmt":"2020-09-02T12:47:26","guid":{"rendered":"https:\/\/catolicanet.net\/wp-cnet\/?p=62043"},"modified":"2020-09-02T12:53:21","modified_gmt":"2020-09-02T15:53:21","slug":"terco-da-esperanca-e-da-solidariedade-desta-quarta-feira-pede-o-fim-da-pandemia","status":"publish","type":"post","link":"https:\/\/catolicanet.net\/wp-cnet\/terco-da-esperanca-e-da-solidariedade-desta-quarta-feira-pede-o-fim-da-pandemia\/","title":{"rendered":"Ter\u00e7o da Esperan\u00e7a e da Solidariedade desta quarta-feira pede o fim da pandemia"},"content":{"rendered":"<p style=\"text-align: justify;\">O Ter\u00e7o da Esperan\u00e7a e da Solidariedade que \u00e9 retomado a partir desta primeira semana de setembro \u2013 m\u00eas dedicado \u00e0 B\u00edblia, ter\u00e1 como inten\u00e7\u00e3o a emerg\u00eancia de sa\u00fade p\u00fablica devido a pandemia da Covid-19, que este m\u00eas, completa seis meses com quase 4 milh\u00f5es de pessoas infectadas no pais e mais de 112.500 \u00f3bitos.<\/p>\n<p style=\"text-align: justify;\">A Igreja no Brasil une-se mais uma vez para rezar pelo pa\u00eds e trazer conforto neste momento de enfrentamento da pandemia do novo coronav\u00edrus.\u00a0O momento de ora\u00e7\u00e3o que foi produzido e gravado pela TV Nazar\u00e9 ser\u00e1 transmitido nesta quarta-feira, 02 de setembro, \u00e0s 15h30.<\/p>\n<p style=\"text-align: justify;\">O ter\u00e7o promovido pela Confer\u00eancia Nacional dos Bispos do Brasil (CNBB), uma parceria com emissoras de r\u00e1dio e TV de inspira\u00e7\u00e3o cat\u00f3lica vai ser conduzido pelo c\u00f4nego Roberto Cavalli, cura da Catedral Metropolitana de Bel\u00e9m (PA) e diretor da Funda\u00e7\u00e3o Nazar\u00e9 de Comunica\u00e7\u00e3o.<\/p>\n<p style=\"text-align: justify;\">Acompanhe o Ter\u00e7o nas redes sociais da CNBB (<a href=\"https:\/\/www.facebook.com\/cnbbnacional\/\">Facebook<\/a>\u00a0e\u00a0<a href=\"https:\/\/www.youtube.com\/c\/CNBBNacional\">Youtube<\/a>) e tamb\u00e9m nas emissoras de r\u00e1dio e TV de inspira\u00e7\u00e3o cat\u00f3lica.<\/p>\n<p style=\"text-align: justify;\">Acesso\u00a0<a href=\"https:\/\/www.youtube.com\/c\/CNBBNacional\/featured\"><strong>aqui<\/strong>\u00a0<\/a>o canal do youtube da CNBB<\/p>\n","protected":false},"excerpt":{"rendered":"<p>O Ter\u00e7o da Esperan\u00e7a e da Solidariedade que \u00e9 retomado a partir desta primeira semana de setembro \u2013 m\u00eas dedicado \u00e0 B\u00edblia, ter\u00e1 como inten\u00e7\u00e3o a emerg\u00eancia de sa\u00fade p\u00fablica devido a pandemia da Covid-19, que este m\u00eas, completa seis meses com quase 4 milh\u00f5es de pessoas infectadas no pais e mais de 112.500 \u00f3bitos. [&hellip;]<\/p>\n","protected":false},"author":1,"featured_media":62044,"comment_status":"open","ping_status":"closed","sticky":false,"template":"","format":"standard","meta":{"footnotes":""},"categories":[7,13],"tags":[],"class_list":["post-62043","post","type-post","status-publish","format-standard","has-post-thumbnail","hentry","category-cnbb","category-featured"],"_links":{"self":[{"href":"https:\/\/catolicanet.net\/wp-cnet\/wp-json\/wp\/v2\/posts\/62043","targetHints":{"allow":["GET"]}}],"collection":[{"href":"https:\/\/catolicanet.net\/wp-cnet\/wp-json\/wp\/v2\/posts"}],"about":[{"href":"https:\/\/catolicanet.net\/wp-cnet\/wp-json\/wp\/v2\/types\/post"}],"author":[{"embeddable":true,"href":"https:\/\/catolicanet.net\/wp-cnet\/wp-json\/wp\/v2\/users\/1"}],"replies":[{"embeddable":true,"href":"https:\/\/catolicanet.net\/wp-cnet\/wp-json\/wp\/v2\/comments?post=62043"}],"version-history":[{"count":1,"href":"https:\/\/catolicanet.net\/wp-cnet\/wp-json\/wp\/v2\/posts\/62043\/revisions"}],"predecessor-version":[{"id":62045,"href":"https:\/\/catolicanet.net\/wp-cnet\/wp-json\/wp\/v2\/posts\/62043\/revisions\/62045"}],"wp:featuredmedia":[{"embeddable":true,"href":"https:\/\/catolicanet.net\/wp-cnet\/wp-json\/wp\/v2\/media\/62044"}],"wp:attachment":[{"href":"https:\/\/catolicanet.net\/wp-cnet\/wp-json\/wp\/v2\/media?parent=62043"}],"wp:term":[{"taxonomy":"category","embeddable":true,"href":"https:\/\/catolicanet.net\/wp-cnet\/wp-json\/wp\/v2\/categories?post=62043"},{"taxonomy":"post_tag","embeddable":true,"href":"https:\/\/catolicanet.net\/wp-cnet\/wp-json\/wp\/v2\/tags?post=62043"}],"curies":[{"name":"wp","href":"https:\/\/api.w.org\/{rel}","templated":true}]}}