{"id":62040,"date":"2020-09-02T09:45:09","date_gmt":"2020-09-02T12:45:09","guid":{"rendered":"https:\/\/catolicanet.net\/wp-cnet\/?p=62040"},"modified":"2020-09-02T12:46:33","modified_gmt":"2020-09-02T15:46:33","slug":"a-via-sacra-no-campo-santa-maria-de-la-antigua-na-cidade-do-panama-ansa","status":"publish","type":"post","link":"https:\/\/catolicanet.net\/wp-cnet\/a-via-sacra-no-campo-santa-maria-de-la-antigua-na-cidade-do-panama-ansa\/","title":{"rendered":"A Via Sacra no Campo Santa Maria de La Antigua, na Cidade do Panam\u00e1  (ANSA)"},"content":{"rendered":"<div class=\"article__subTitle\" style=\"text-align: justify;\">Recordamos o \u00faltimo cap\u00edtulo da Exorta\u00e7\u00e3o Apost\u00f3lica \u201cCristo vive\u201d, no qual Francisco reflete sobre como discernir uma voca\u00e7\u00e3o. O Papa sublinha a import\u00e2ncia da escuta e do acompanhamento.<\/div>\n<div class=\"title__separator\" style=\"text-align: justify;\"><\/div>\n<div class=\"article__text\">\n<p style=\"text-align: justify;\"><b>Rui Saraiva &#8211; Porto<\/b><\/p>\n<p style=\"text-align: justify;\">O tempo de pandemia que estamos a viver tem sido momento prop\u00edcio \u00e0 leitura e \u00e0 reflex\u00e3o. Nesse sentido, propomos aqui o essencial da parte final do texto do Papa dirigido aos jovens na sua Exorta\u00e7\u00e3o Apost\u00f3lica \u201cChristus Vivit\u201d, \u201cCristo Vive\u201d. Francisco prop\u00f5e um tema fundamental: o discernimento. Para que seja poss\u00edvel suscitar e acompanhar nos jovens a alegria da voca\u00e7\u00e3o.<\/p>\n<div style=\"text-align: justify;\">\n<div class=\"article__embed article__embed--unwrap article__embed--dark\">\n<div class=\"article__innerTitle\">Ou\u00e7a e compartilhe!<\/div>\n<div>\n<audio class=\"wp-audio-shortcode\" id=\"audio-62040-1\" preload=\"none\" style=\"width: 100%;\" controls=\"controls\"><source type=\"audio\/mpeg\" src=\"https:\/\/media.vaticannews.va\/media\/audio\/s1\/2020\/09\/01\/10\/135703721_F135703721.mp3?_=1\" \/><a href=\"https:\/\/media.vaticannews.va\/media\/audio\/s1\/2020\/09\/01\/10\/135703721_F135703721.mp3\">https:\/\/media.vaticannews.va\/media\/audio\/s1\/2020\/09\/01\/10\/135703721_F135703721.mp3<\/a><\/audio>\n<\/div>\n<\/div>\n<\/div>\n<h2 style=\"text-align: justify;\">Exercitar a consci\u00eancia<\/h2>\n<p style=\"text-align: justify;\">Francisco, no \u00faltimo andamento da sua Exorta\u00e7\u00e3o aos jovens de todo o mundo, ap\u00f3s o S\u00ednodo dos Bispos de 2018, dedica o cap\u00edtulo IX ao discernimento. Depois de ter abordado no cap\u00edtulo VIII o tema da voca\u00e7\u00e3o, o Santo Padre desenvolve, nesta derradeira parte do seu texto p\u00f3s-sinodal a import\u00e2ncia da atitude do discernimento:<\/p>\n<p style=\"text-align: justify;\">\u201cSem a sapi\u00eancia do discernimento, podemos facilmente transformar-nos em marionetas \u00e0 merc\u00ea das tend\u00eancias da ocasi\u00e3o\u00bb. E \u00abisto revela-se particularmente importante, quando aparece uma novidade na pr\u00f3pria vida, sendo necess\u00e1rio ent\u00e3o discernir se \u00e9 o vinho novo que vem de Deus ou uma novidade enganadora do esp\u00edrito do mundo ou do esp\u00edrito maligno\u00bb \u2013 diz o Papa.<\/p>\n<p style=\"text-align: justify;\">O Papa afirma ainda que o discernimento significa \u201centrever o mist\u00e9rio\u201d do \u201cprojeto \u00fanico e irrepet\u00edvel\u201d de Deus. Francisco recorda a import\u00e2ncia do \u201cexame de consci\u00eancia\u201d: \u201cum exerc\u00edcio no qual n\u00e3o se trata apenas de identificar os pecados, mas tamb\u00e9m de reconhecer a obra de Deus na pr\u00f3pria experi\u00eancia di\u00e1ria, nas vicissitudes da hist\u00f3ria e das culturas onde se est\u00e1 inserido, no testemunho de muitos outros homens e mulheres que nos precederam ou acompanham com a sua sabedoria\u201d \u2013 escreve o Papa.<\/p>\n<h2 style=\"text-align: justify;\">Como discernir a tua voca\u00e7\u00e3o<\/h2>\n<p style=\"text-align: justify;\">O Santo Padre no seu texto refere que para discernir uma voca\u00e7\u00e3o \u00e9 preciso ter \u201cespa\u00e7os de solid\u00e3o e sil\u00eancio\u201d. Um sil\u00eancio que n\u00e3o seja uma forma de isolamento, mas um \u201cdiscernimento orante\u201d que se predisponha a escutar \u201co Senhor, os outros, a pr\u00f3pria realidade\u201d \u2013 diz o Papa.<\/p>\n<p style=\"text-align: justify;\">\u201cQuando se trata de discernir a pr\u00f3pria voca\u00e7\u00e3o, h\u00e1 v\u00e1rias perguntas que \u00e9 preciso colocar-se\u201d \u2013 lembra o Papa. Conhe\u00e7o-me a mim mesmo, para al\u00e9m das apar\u00eancias ou das minhas sensa\u00e7\u00f5es? Sei o que alegra ou entristece o meu cora\u00e7\u00e3o? Quais s\u00e3o os meus pontos fortes e as minhas fragilidades? E, logo a seguir, v\u00eam outras perguntas: Como posso servir melhor e ser mais \u00fatil ao mundo e \u00e0 Igreja? Qual \u00e9 o meu lugar nesta terra? Que poderia eu oferecer \u00e0 sociedade? E surgem imediatamente outras muito realistas: Tenho as capacidades necess\u00e1rias para prestar este servi\u00e7o? Em caso negativo, poderei adquiri-las e desenvolv\u00ea-las?\u201d \u2013 pergunta Francisco na sua Exorta\u00e7\u00e3o.<\/p>\n<h2 style=\"text-align: justify;\">O chamamento do Amigo<\/h2>\n<p style=\"text-align: justify;\">\u201cPara discernir a pr\u00f3pria voca\u00e7\u00e3o, \u00e9 preciso reconhecer que a mesma \u00e9 o chamamento dum amigo: Jesus\u201d \u2013 lembra o Santo Padre sublinhando que a um amigo n\u00e3o se d\u00e1 necessariamente a prenda mais cara, mas aquela que \u201cdar\u00e1 alegria ao outro\u201d. E para isso \u00e9 preciso discernir a amizade: \u201cEste discernimento de amizade \u00e9 o que proponho aos jovens como modelo se quiserem compreender qual \u00e9 a vontade de Deus para a sua vida\u201d \u2013 escreve o Papa.<\/p>\n<p style=\"text-align: justify;\">O Santo Padre salienta que \u201cquando o Senhor suscita uma voca\u00e7\u00e3o, n\u00e3o pensa apenas no que \u00e9s, mas em tudo o que poder\u00e1s, juntamente com Ele e os outros, chegar a ser\u201d.<\/p>\n<p style=\"text-align: justify;\">O Papa afirma ainda que \u201cantes de toda a lei e dever, aquilo que Jesus nos prop\u00f5e escolher \u00e9 um seguimento como o de amigos que se frequentam, procuram e encontram por pura amizade. Tudo o mais vem depois; e at\u00e9 os fracassos da vida poder\u00e3o ser uma experi\u00eancia inestim\u00e1vel de tal amizade que n\u00e3o se rompe jamais\u201d \u2013 diz Francisco.<\/p>\n<h2 style=\"text-align: justify;\">Escuta e acompanhamento<\/h2>\n<p style=\"text-align: justify;\">Num dos \u00faltimos n\u00fameros da sua Exorta\u00e7\u00e3o aos jovens o Papa sublinha que \u201ch\u00e1 sacerdotes, religiosos, religiosas, leigos, profissionais e at\u00e9 jovens qualificados, que podem acompanhar os jovens no seu discernimento vocacional. Quando nos toca ajudar o outro a discernir o caminho da sua vida, a primeira coisa a fazer \u00e9 ouvir\u201d \u2013 afirma o Santo Padre. Francisco declara que \u201ca escuta pressup\u00f5e tr\u00eas sensibilidades\u201d:<\/p>\n<p style=\"text-align: justify;\">\u201cA primeira sensibilidade ou aten\u00e7\u00e3o \u00e9 \u00e0 pessoa\u201d \u2013 escreve o Papa sublinhando que \u201co sinal desta escuta \u00e9 o tempo que dedico ao outro\u201d. \u201cN\u00e3o \u00e9 quest\u00e3o de quantidade, mas de que o outro sinta que o meu tempo \u00e9 dele\u201d \u2013 diz o Santo Padre.<\/p>\n<p style=\"text-align: justify;\">\u201cA segunda sensibilidade ou aten\u00e7\u00e3o \u00e9 no discernir. Trata-se de individuar o ponto certo onde se discerne o que \u00e9 a gra\u00e7a e o que \u00e9 tenta\u00e7\u00e3o\u201d \u2013 escreve o Papa propondo algumas quest\u00f5es para fazer refletir aquele que escuta: \u201cO que \u00e9 que, exatamente, me est\u00e1 a dizer esta pessoa? Que me quer dizer? Que deseja ela que eu compreenda do que lhe acontece? S\u00e3o perguntas que ajudam a entender onde se ligam os argumentos que movem o outro, e a sentir o peso e o ritmo dos seus afetos influenciados por esta l\u00f3gica\u201d \u2013 escreve Francisco.<\/p>\n<p style=\"text-align: justify;\">O Papa prop\u00f5e uma \u201cterceira sensibilidade\u201d ou aten\u00e7\u00e3o que \u201cconsiste em escutar os impulsos\u201d que o outro experimenta andando em frente. \u00c9 a escuta profunda do ponto \u00abpara onde o outro quer verdadeiramente ir\u00bb\u201d \u2013 diz o Santo Padre.<\/p>\n<p style=\"text-align: justify;\">No final da sua Exorta\u00e7\u00e3o Apost\u00f3lica aos jovens, o Papa declara que \u201co discernimento\u201d \u00e9 \u201cum instrumento de compromisso forte para seguir melhor o Senhor\u201d. Francisco afirma a necessidade de n\u00e3o se \u201cimpor percursos\u201d mas \u201csuscitar e acompanhar processos\u201d.<\/p>\n<p style=\"text-align: justify;\">\u201cTrata-se de processos de pessoas, que sempre s\u00e3o \u00fanicas e livres\u201d \u2013 salienta o Papa que conclui o seu texto dizendo aos jovens: \u201cA Igreja precisa do vosso \u00edmpeto, das vossas intui\u00e7\u00f5es, da vossa f\u00e9. N\u00f3s temos necessidade disto! E quando chegardes aonde n\u00f3s ainda n\u00e3o chegamos, tende a paci\u00eancia de esperar por n\u00f3s\u201d \u2013 escreve Francisco.<\/p>\n<p style=\"text-align: justify;\"><i>Laudetur Iesus Christus<\/i><\/p>\n<\/div>\n","protected":false},"excerpt":{"rendered":"<p>Recordamos o \u00faltimo cap\u00edtulo da Exorta\u00e7\u00e3o Apost\u00f3lica \u201cCristo vive\u201d, no qual Francisco reflete sobre como discernir uma voca\u00e7\u00e3o. O Papa sublinha a import\u00e2ncia da escuta e do acompanhamento. Rui Saraiva &#8211; Porto O tempo de pandemia que estamos a viver tem sido momento prop\u00edcio \u00e0 leitura e \u00e0 reflex\u00e3o. Nesse sentido, propomos aqui o essencial [&hellip;]<\/p>\n","protected":false},"author":1,"featured_media":62041,"comment_status":"open","ping_status":"closed","sticky":false,"template":"","format":"standard","meta":{"footnotes":""},"categories":[3],"tags":[],"class_list":["post-62040","post","type-post","status-publish","format-standard","has-post-thumbnail","hentry","category-vaticano"],"_links":{"self":[{"href":"https:\/\/catolicanet.net\/wp-cnet\/wp-json\/wp\/v2\/posts\/62040","targetHints":{"allow":["GET"]}}],"collection":[{"href":"https:\/\/catolicanet.net\/wp-cnet\/wp-json\/wp\/v2\/posts"}],"about":[{"href":"https:\/\/catolicanet.net\/wp-cnet\/wp-json\/wp\/v2\/types\/post"}],"author":[{"embeddable":true,"href":"https:\/\/catolicanet.net\/wp-cnet\/wp-json\/wp\/v2\/users\/1"}],"replies":[{"embeddable":true,"href":"https:\/\/catolicanet.net\/wp-cnet\/wp-json\/wp\/v2\/comments?post=62040"}],"version-history":[{"count":1,"href":"https:\/\/catolicanet.net\/wp-cnet\/wp-json\/wp\/v2\/posts\/62040\/revisions"}],"predecessor-version":[{"id":62042,"href":"https:\/\/catolicanet.net\/wp-cnet\/wp-json\/wp\/v2\/posts\/62040\/revisions\/62042"}],"wp:featuredmedia":[{"embeddable":true,"href":"https:\/\/catolicanet.net\/wp-cnet\/wp-json\/wp\/v2\/media\/62041"}],"wp:attachment":[{"href":"https:\/\/catolicanet.net\/wp-cnet\/wp-json\/wp\/v2\/media?parent=62040"}],"wp:term":[{"taxonomy":"category","embeddable":true,"href":"https:\/\/catolicanet.net\/wp-cnet\/wp-json\/wp\/v2\/categories?post=62040"},{"taxonomy":"post_tag","embeddable":true,"href":"https:\/\/catolicanet.net\/wp-cnet\/wp-json\/wp\/v2\/tags?post=62040"}],"curies":[{"name":"wp","href":"https:\/\/api.w.org\/{rel}","templated":true}]}}