{"id":62018,"date":"2020-09-01T12:32:18","date_gmt":"2020-09-01T15:32:18","guid":{"rendered":"https:\/\/catolicanet.net\/wp-cnet\/?p=62018"},"modified":"2020-09-01T12:32:18","modified_gmt":"2020-09-01T15:32:18","slug":"pandemia-espiritual","status":"publish","type":"post","link":"https:\/\/catolicanet.net\/wp-cnet\/pandemia-espiritual\/","title":{"rendered":"PANDEMIA ESPIRITUAL"},"content":{"rendered":"<p style=\"text-align: justify;\">\u00a0\u00a0\u00a0\u00a0\u00a0\u00a0\u00a0\u00a0\u00a0\u00a0\u00a0 Eis o que estamos vivendo: uma verdadeira pandemia de crise espiritual! N\u00e3o mais um simples v\u00edrus biol\u00f3gico assusta e assola a integridade humana, mas tamb\u00e9m um terr\u00edvel e incontrol\u00e1vel devorador da espiritualidade inerente ao ser humano. Este perdeu todo e qualquer senso de l\u00f3gica, dec\u00eancia, equil\u00edbrio na f\u00e9 que tenta proferir. Os esc\u00e2ndalos a\u00ed est\u00e3o! Os desvios se sucedem, dia a dia, deixando incautos e desavisados mais incautos e desavisados, sem lhes oferecer pistas do melhor caminho. Com quem a verdade? Onde estacionar nossa esperan\u00e7a? Qual voz possui o timbre prof\u00e9tico dos novos tempos? Enfim, vale a pena acreditar, quando tudo concorre para cont\u00ednuas decep\u00e7\u00f5es?<\/p>\n<p style=\"text-align: justify;\">\u00a0\u00a0\u00a0\u00a0\u00a0\u00a0\u00a0\u00a0\u00a0\u00a0\u00a0 Eis o perigo da descren\u00e7a total. A maior e mais terr\u00edvel das doen\u00e7as humanas n\u00e3o \u00e9 aquela que fere o corpo, amea\u00e7a a vida, mas faz sucumbir a esperan\u00e7a, a \u00faltima das guardi\u00e3s da alma humana. Contra esta n\u00e3o existe vacina, nem anticorpos, nem qualquer paliativo biol\u00f3gico que ven\u00e7a sua voracidade diab\u00f3lica. Ela se dissemina exatamente no sil\u00eancio dos que se entregam sem rea\u00e7\u00e3o, sem palavras que despertem a inercia da maioria, a indiferen\u00e7a dos agentes de sa\u00fade da espiritualidade humana. Dos omissos. Na a\u00e7\u00e3o dos oportunistas. Muitos desses est\u00e3o escandalosamente tirando proveito da cegueira dos ing\u00eanuos, deitando e rolando sobre essa ingenuidade, para se locupletarem em seus projetos de poder, fama, gl\u00f3ria e dinheiro, muito dinheiro.<\/p>\n<p style=\"text-align: justify;\">\u00a0\u00a0\u00a0\u00a0\u00a0\u00a0\u00a0\u00a0\u00a0\u00a0\u00a0 N\u00e3o mais me espantam os sucessivos notici\u00e1rios de esc\u00e2ndalos religiosos. A m\u00eddia pensa ganhar audi\u00eancia, mas perde. N\u00e3o porque esteja disseminando inverdades, mas generalizando uma fraqueza humana como se esta fosse natural, institucionalizada. Uma institui\u00e7\u00e3o milenar n\u00e3o pode ser responsabilizada por deslizes de alguns poucos, que, aqui e acol\u00e1, pisam na bola vez ou outra. \u00c9 o caso da Igreja crist\u00e3 e de seu in\u00fameros bra\u00e7os devocionais que hoje s\u00e3o massacrados pelos deslizes ou desvios de alguns de seus membros (muitos desses apenas acusados, mas sem comprova\u00e7\u00f5es; outros desgra\u00e7adamente comprovados), mas cujas a\u00e7\u00f5es ou omiss\u00f5es n\u00e3o distorcem o objetivo evang\u00e9lico: levar todos os homens \u00e0 salva\u00e7\u00e3o, ao entendimento de sua vida espiritual&#8230;<\/p>\n<p style=\"text-align: justify;\">\u00a0\u00a0\u00a0\u00a0\u00a0\u00a0\u00a0\u00a0\u00a0\u00a0\u00a0 Uma pessoa de f\u00e9 n\u00e3o pode julgar. Tem os olhos da carne arrancados pela certeza da miseric\u00f3rdia. Tem as m\u00e3os amputadas pela impossibilidade de assinar senten\u00e7as capitais. Os ouvidos moucos para as incertezas dos boatos. Cortar o mal pela raiz nos ensina a voz da prud\u00eancia. \u00a0\u201cSe teus olhos, tuas m\u00e3os&#8230; te escandalizam, arranca-os\u201d, diria nosso mestre. Mas olhos e m\u00e3os s\u00e3o instrumentos de uma a\u00e7\u00e3o maior, a caridade, a solidariedade com os injusti\u00e7ados, a esperan\u00e7a sempre renovada de que o bem vencer\u00e1, a verdade libertar\u00e1.<\/p>\n<p style=\"text-align: justify;\">\u00a0\u00a0\u00a0\u00a0\u00a0\u00a0\u00a0\u00a0\u00a0\u00a0\u00a0 N\u00e3o sejamos n\u00f3s os disseminadores do caos total, essa pandemia que faz naufragar nossa esperan\u00e7a maior. Os esc\u00e2ndalos a\u00ed est\u00e3o, solapando nossa f\u00e9, minando os por\u00f5es seculares da Igreja de Cristo, a maior e mais visada das guardi\u00e3s da espiritualidade humana. \u00c9 ela o alvo do momento. Querem nos destruir, destruindo por primeiro a institui\u00e7\u00e3o que zela pela integridade da f\u00e9 crist\u00e3. Os eventuais esc\u00e2ndalos que pipocam aqui e ali, continuar\u00e3o existindo, porque a fraqueza \u00e9 nosso lado humano. Mas n\u00e3o ser\u00e1 apontando erros ou desvios pr\u00f3prios da fragilidade de que todos somos revestidos, que apagaremos dessa hist\u00f3ria a fortaleza da f\u00e9 que defendemos. Sobre ela nada prevalecer\u00e1. Nem uma situa\u00e7\u00e3o ca\u00f3tica como a atual, da qual sairemos mais fortalecidos e purificados, como em todos os momentos cr\u00edticos pelos quais j\u00e1 passamos. E passaremos. Pois outros esc\u00e2ndalos vir\u00e3o, para honra e gl\u00f3ria daquele que tudo pode, tudo vence. E nos conforta com promessa de justi\u00e7a: \u201cAi daqueles que escandalizam os pequeninos!\u201d<\/p>\n","protected":false},"excerpt":{"rendered":"<p>\u00a0\u00a0\u00a0\u00a0\u00a0\u00a0\u00a0\u00a0\u00a0\u00a0\u00a0 Eis o que estamos vivendo: uma verdadeira pandemia de crise espiritual! N\u00e3o mais um simples v\u00edrus biol\u00f3gico assusta e assola a integridade humana, mas tamb\u00e9m um terr\u00edvel e incontrol\u00e1vel devorador da espiritualidade inerente ao ser humano. Este perdeu todo e qualquer senso de l\u00f3gica, dec\u00eancia, equil\u00edbrio na f\u00e9 que tenta proferir. Os esc\u00e2ndalos a\u00ed [&hellip;]<\/p>\n","protected":false},"author":17,"featured_media":55826,"comment_status":"open","ping_status":"closed","sticky":false,"template":"","format":"standard","meta":{"footnotes":""},"categories":[9],"tags":[],"class_list":["post-62018","post","type-post","status-publish","format-standard","has-post-thumbnail","hentry","category-artigos"],"_links":{"self":[{"href":"https:\/\/catolicanet.net\/wp-cnet\/wp-json\/wp\/v2\/posts\/62018","targetHints":{"allow":["GET"]}}],"collection":[{"href":"https:\/\/catolicanet.net\/wp-cnet\/wp-json\/wp\/v2\/posts"}],"about":[{"href":"https:\/\/catolicanet.net\/wp-cnet\/wp-json\/wp\/v2\/types\/post"}],"author":[{"embeddable":true,"href":"https:\/\/catolicanet.net\/wp-cnet\/wp-json\/wp\/v2\/users\/17"}],"replies":[{"embeddable":true,"href":"https:\/\/catolicanet.net\/wp-cnet\/wp-json\/wp\/v2\/comments?post=62018"}],"version-history":[{"count":1,"href":"https:\/\/catolicanet.net\/wp-cnet\/wp-json\/wp\/v2\/posts\/62018\/revisions"}],"predecessor-version":[{"id":62019,"href":"https:\/\/catolicanet.net\/wp-cnet\/wp-json\/wp\/v2\/posts\/62018\/revisions\/62019"}],"wp:featuredmedia":[{"embeddable":true,"href":"https:\/\/catolicanet.net\/wp-cnet\/wp-json\/wp\/v2\/media\/55826"}],"wp:attachment":[{"href":"https:\/\/catolicanet.net\/wp-cnet\/wp-json\/wp\/v2\/media?parent=62018"}],"wp:term":[{"taxonomy":"category","embeddable":true,"href":"https:\/\/catolicanet.net\/wp-cnet\/wp-json\/wp\/v2\/categories?post=62018"},{"taxonomy":"post_tag","embeddable":true,"href":"https:\/\/catolicanet.net\/wp-cnet\/wp-json\/wp\/v2\/tags?post=62018"}],"curies":[{"name":"wp","href":"https:\/\/api.w.org\/{rel}","templated":true}]}}