{"id":6201,"date":"2015-07-31T13:53:35","date_gmt":"2015-07-31T16:53:35","guid":{"rendered":"http:\/\/catolicanet.net\/wp-cnet\/india-e-bangladesh-resolvem-situacao-de-enclaves-onde-vivem-50000-apatridas\/"},"modified":"2017-04-10T16:48:50","modified_gmt":"2017-04-10T19:48:50","slug":"india-e-bangladesh-resolvem-situacao-de-enclaves-onde-vivem-50000-apatridas","status":"publish","type":"post","link":"https:\/\/catolicanet.net\/wp-cnet\/india-e-bangladesh-resolvem-situacao-de-enclaves-onde-vivem-50000-apatridas\/","title":{"rendered":"\u00cdndia e Bangladesh resolvem situa\u00e7\u00e3o de enclaves onde vivem 50.000 ap\u00e1tridas"},"content":{"rendered":"<p style=\"text-align: justify;\"><img decoding=\"async\" src=\"http:\/\/catolicanet.com.br\/images\/stories\/geral\/bangladesh.jpg\" border=\"0\" align=\"left\" \/>\u00cdndia e Bangladesh colocar\u00e3o em pr\u00e1tica nesta sexta-feira um acordo hist\u00f3rico em sua fronteira que permitir\u00e1 que 50.000 pessoas dos dois lados escolham sua bandeira ap\u00f3s d\u00e9cadas em situa\u00e7\u00e3o de ap\u00e1tridas.<\/p>\n<p>O primeiro-ministro indiano, Narendra Modi, e sua colega bengalesa, Sheikh Hasina, assinaram este acordo sobre a delimita\u00e7\u00e3o da fronteira entre seus dois pa\u00edses no in\u00edcio de junho, durante uma visita do chefe do executivo indiano a Bangladesh.<\/p>\n<p>O acordo fixa a fronteira entre os dois pa\u00edses, de 4.000 quil\u00f4metros, e p\u00f5e fim, assim, a uma situa\u00e7\u00e3o que envenena suas rela\u00e7\u00f5es desde 1971, quando a guerra de secess\u00e3o do Paquist\u00e3o oriental levou \u00e0 cria\u00e7\u00e3o do Estado de Bangladesh.<\/p>\n<p>Cerca de 50.000 pessoas que vivem em enclaves bengaleses na \u00cdndia e em enclaves indianos em Bangladesh tinham, de fato, uma condi\u00e7\u00e3o de ap\u00e1tridas fronteiri\u00e7os, e estavam privadas de educa\u00e7\u00e3o, atendimento m\u00e9dico e servi\u00e7os p\u00fablicos, ao n\u00e3o ter acesso aos seus respectivos governos.<\/p>\n<p>Os respons\u00e1veis das duas na\u00e7\u00f5es i\u00e7ar\u00e3o suas respectivas bandeiras em um total de 162 enclaves, 111 deles transferidos a Bangladesh e 51 \u00e0 \u00cdndia, um minuto ap\u00f3s a meia-noite de s\u00e1bado local (15h00 de Bras\u00edlia desta sexta-feira).<\/p>\n<p>Cada pa\u00eds ter\u00e1 soberania sobre os enclaves situados em seu territ\u00f3rio.<\/p>\n<p>A popula\u00e7\u00e3o que vive ali poder\u00e1 decidir se permanece ou parte ao outro lado da fronteira, e poder\u00e1 adquirir a nacionalidade correspondente a estes enclaves, que deixar\u00e3o de existir.<\/p>\n<p>Bangladesh havia autorizado este acordo em 1974, mas o Parlamento indiano s\u00f3 o adotou no m\u00eas passado.<\/p>\n<p style=\"text-align: justify;\">Fonte: Aleteia<\/p>\n","protected":false},"excerpt":{"rendered":"<p>\u00cdndia e Bangladesh colocar\u00e3o em pr\u00e1tica nesta sexta-feira um acordo hist\u00f3rico em sua fronteira que permitir\u00e1 que 50.000 pessoas dos dois lados escolham sua bandeira ap\u00f3s d\u00e9cadas em situa\u00e7\u00e3o de ap\u00e1tridas. O primeiro-ministro indiano, Narendra Modi, e sua colega bengalesa, Sheikh Hasina, assinaram este acordo sobre a delimita\u00e7\u00e3o da fronteira entre seus dois pa\u00edses no [&hellip;]<\/p>\n","protected":false},"author":1,"featured_media":0,"comment_status":"closed","ping_status":"closed","sticky":false,"template":"","format":"standard","meta":{"footnotes":""},"categories":[4],"tags":[],"class_list":["post-6201","post","type-post","status-publish","format-standard","hentry","category-cotidiano"],"_links":{"self":[{"href":"https:\/\/catolicanet.net\/wp-cnet\/wp-json\/wp\/v2\/posts\/6201","targetHints":{"allow":["GET"]}}],"collection":[{"href":"https:\/\/catolicanet.net\/wp-cnet\/wp-json\/wp\/v2\/posts"}],"about":[{"href":"https:\/\/catolicanet.net\/wp-cnet\/wp-json\/wp\/v2\/types\/post"}],"author":[{"embeddable":true,"href":"https:\/\/catolicanet.net\/wp-cnet\/wp-json\/wp\/v2\/users\/1"}],"replies":[{"embeddable":true,"href":"https:\/\/catolicanet.net\/wp-cnet\/wp-json\/wp\/v2\/comments?post=6201"}],"version-history":[{"count":1,"href":"https:\/\/catolicanet.net\/wp-cnet\/wp-json\/wp\/v2\/posts\/6201\/revisions"}],"predecessor-version":[{"id":11105,"href":"https:\/\/catolicanet.net\/wp-cnet\/wp-json\/wp\/v2\/posts\/6201\/revisions\/11105"}],"wp:attachment":[{"href":"https:\/\/catolicanet.net\/wp-cnet\/wp-json\/wp\/v2\/media?parent=6201"}],"wp:term":[{"taxonomy":"category","embeddable":true,"href":"https:\/\/catolicanet.net\/wp-cnet\/wp-json\/wp\/v2\/categories?post=6201"},{"taxonomy":"post_tag","embeddable":true,"href":"https:\/\/catolicanet.net\/wp-cnet\/wp-json\/wp\/v2\/tags?post=6201"}],"curies":[{"name":"wp","href":"https:\/\/api.w.org\/{rel}","templated":true}]}}