{"id":61965,"date":"2020-08-31T09:47:09","date_gmt":"2020-08-31T12:47:09","guid":{"rendered":"https:\/\/catolicanet.net\/wp-cnet\/?p=61965"},"modified":"2020-08-31T15:47:44","modified_gmt":"2020-08-31T18:47:44","slug":"o-que-significa-o-termo-catolico-na-teoria-e-principalmente-na-pratica","status":"publish","type":"post","link":"https:\/\/catolicanet.net\/wp-cnet\/o-que-significa-o-termo-catolico-na-teoria-e-principalmente-na-pratica\/","title":{"rendered":"O que significa o termo \u201ccat\u00f3lico\u201d na teoria e, principalmente, na pr\u00e1tica?"},"content":{"rendered":"<h2 class=\"subtitle\" style=\"text-align: justify;\">\u201cAcolher a todos\u201d \u00e9 diferente de \u201cacolher tudo\u201d: h\u00e1 ren\u00fancias que s\u00e3o profundamente libertadoras, iluminadoras e revitalizadoras<\/h2>\n<div class=\"base-post-content\">Otermo\u00a0<strong>\u201ccat\u00f3lico\u201d<\/strong>\u00a0passou a popularizar-se principalmente ap\u00f3s a reforma protestante, a fim de diferenciar entre os crist\u00e3os fi\u00e9is \u00e0 tradi\u00e7\u00e3o herdada dos prim\u00f3rdios do cristianismo e aqueles que seguiram interpreta\u00e7\u00f5es ligadas \u00e0 ruptura da unidade, como a luterana, a calvinista, a anglicana, a metodista, a batista, as neopentecostais e um longo etc\u00e9tera.<\/p>\n<p style=\"text-align: justify;\">\n<p style=\"text-align: justify;\">No entanto, a\u00a0<strong>Igreja<\/strong>\u00a0\u00e9 cat\u00f3lica desde os seus prim\u00f3rdios, j\u00e1 que a palavra \u201ccat\u00f3lico\u201d significa \u201cuniversal\u201d, ou seja, que abrange a todos. O termo vem do grego \u201c<em>kata holos<\/em>\u201c, que tem um sentido de \u201c<em>considerando o todo<\/em>\u201c.<\/p>\n<p style=\"text-align: justify;\">Isto quer dizer que a Igreja \u00e9 para todas as pessoas. \u201c<em>Aqui vem todo o mundo<\/em>\u201c, disse James Joyce ao descrever a Igreja. Ela acolhe pessoas \u201c<em>de todas as na\u00e7\u00f5es, tribos, povos e l\u00ednguas<\/em>\u201c, como resumiu o Apocalipse (7, 9). Ningu\u00e9m est\u00e1 exclu\u00eddo do alcance da sua miss\u00e3o, que \u00e9, justamente, universal: \u201c<em>Ide e fazei disc\u00edpulos todos os povos<\/em>\u201c, determinou\u00a0<strong>Jesus Cristo<\/strong>, o pr\u00f3prio fundador da Igreja \u2013 que, por sinal, \u00e9 outra palavra bastante significativa:\u00a0<em>\u201cIgreja\u201d<\/em>\u00a0quer dizer\u00a0<em>\u201cassembleia\u201d<\/em>\u00a0(do grego\u00a0<em>\u201cekkles\u00eda\u201d),<\/em>\u00a0isto \u00e9, a \u201c<em>reuni\u00e3o universal<\/em>\u201d dos que acreditam em Jesus e na totalidade dos Seus ensinamentos e instru\u00e7\u00f5es (inclusive os ensinamentos que afirmam que a Sua Igreja \u00e9 constru\u00edda sobre a rocha de Pedro e as instru\u00e7\u00f5es que determinam que tudo o que os Seus ap\u00f3stolos atarem ou desatarem na terra ficar\u00e1 atado ou desatado no c\u00e9u).<\/p>\n<p style=\"text-align: justify;\"><strong>Acontece que \u201cacolher a todos\u201d n\u00e3o \u00e9 o mesmo que \u201cacolher tudo\u201d.<\/strong><\/p>\n<p style=\"text-align: justify;\">N\u00e3o \u00e9 quest\u00e3o de receber a todos de qualquer jeito e deixar cada um continuar fazendo qualquer coisa. Trata-se de\u00a0<strong>unir a todos<\/strong>, ou seja, de dar unidade a todos, mas em torno a\u00a0<strong>uma s\u00f3 refer\u00eancia<\/strong>: o pr\u00f3prio\u00a0<strong>Cristo<\/strong>, Caminho, Verdade e Vida.<\/p>\n<p style=\"text-align: justify;\">A Igreja Cat\u00f3lica \u00e9 a assembleia universal que une a todos formando\u00a0<strong>um s\u00f3 corpo<\/strong>, que \u00e9 o pr\u00f3prio\u00a0<strong>Corpo M\u00edstico de Cristo<\/strong>. Portanto, \u00e9 requisito para a unidade cat\u00f3lica o entendimento de que \u00e9 preciso aderir ao Corpo de Cristo, o que equivale a aderir a Cristo mesmo, com tudo o que isto exige em termos de\u00a0<strong>transforma\u00e7\u00e3o<\/strong>\u00a0de cada um de n\u00f3s.<\/p>\n<div class=\"nativo-inread\" style=\"text-align: justify;\"><\/div>\n<p style=\"text-align: justify;\">Sim, s\u00e3o bem-vindas todas as pessoas independentemente das suas caracter\u00edsticas acidentais, como cor, cultura, lugar de nascimento, conta banc\u00e1ria, profiss\u00e3o.\u00a0<strong>S\u00e3o bem-vindos todos os pecadores<\/strong>\u00a0\u2013 afinal, Ele mesmo afirmou que veio n\u00e3o para os justos, e sim para os pecadores. Mas os pecadores s\u00e3o bem-vindos\u00a0<strong>para se libertarem do pecado<\/strong>\u00a0e n\u00e3o para continuarem pecando. Cristo mesmo, ap\u00f3s acolher a pecadora que estava prestes a ser apedrejada, lhe disse com toda a clareza: \u201c<em>Nem eu te condeno. Vai, e n\u00e3o tornes a pecar<\/em>\u201c. Quem \u00e9 acolhido e perdoado \u00e9 o pecador \u2013 n\u00e3o o seu pecado.<\/p>\n<p style=\"text-align: justify;\">Fazer parte do Corpo de Cristo \u00e9\u00a0<strong>aderir a Deus e n\u00e3o amoldar Deus \u00e0s nossas medidas<\/strong>. O Reino de Deus, disse o pr\u00f3prio, \u201c<em>n\u00e3o \u00e9 deste mundo<\/em>\u201c.<\/p>\n<p style=\"text-align: justify;\">H\u00e1 palavras e pensamentos, atos e omiss\u00f5es que n\u00e3o s\u00e3o compat\u00edveis com o Reino de Cristo. \u00c9 por isso que a Igreja coloca ao alcance de todos o convite e os meios para obterem a\u00a0<strong>reconcilia\u00e7\u00e3o<\/strong>\u00a0com Deus, superando os apegos destrutivos que nos diminuem como pessoas e, portanto, como filhos de Deus.<\/p>\n<p style=\"text-align: justify;\">A Igreja n\u00e3o coloca esta necessidade de\u00a0<strong>convers\u00e3o<\/strong>\u00a0como algo negativo, pesaroso, limitante e deprimente, mas como algo\u00a0<strong>libertador, iluminador e revitalizador<\/strong>, de modo que o perd\u00e3o e a plena reconcilia\u00e7\u00e3o com Deus s\u00e3o uma\u00a0<strong>gra\u00e7a<\/strong>\u00a0a ser desejada, acolhida e abra\u00e7ada em toda a sua extens\u00e3o e profundidade.<\/p>\n<p style=\"text-align: justify;\">Tudo o que \u00e9 necess\u00e1rio para a salva\u00e7\u00e3o est\u00e1 presente na\u00a0<strong>doutrina cat\u00f3lica<\/strong>, pregada por Cristo \u2013 e Cristo mesmo \u00e9 a Verdade plena. A\u00a0<strong>verdade<\/strong>\u00a0preservada pela Igreja de Cristo cont\u00e9m o que \u00e9 agrad\u00e1vel, como o perd\u00e3o e a miseric\u00f3rdia, e tamb\u00e9m o que \u00e9 dif\u00edcil e exigente, como a convers\u00e3o, a ren\u00fancia ao pecado e responsabilidade de respondermos pessoalmente ao julgamento de Deus \u2013 cuja senten\u00e7a, no fim das contas, depende plenamente de n\u00f3s pr\u00f3prios: Ele apenas respeitar\u00e1 as decis\u00f5es que n\u00f3s tivermos tomado, pois criou-nos livres e respeita integralmente a nossa liberdade de escolhas. Ser cat\u00f3lico, portanto, implica aceitar de modo universal, total, o conjunto inteiro das verdades que a Igreja ensina \u2013 e n\u00e3o s\u00f3 as partes que nos agradam.<\/p>\n<p style=\"text-align: justify;\"><strong>Ser cat\u00f3lico, em resumo, \u00e9 ser completo<\/strong>. E, n\u00e3o, isso n\u00e3o \u00e9 nada f\u00e1cil \u2013 mas todos os\u00a0<strong>aux\u00edlios<\/strong>\u00a0est\u00e3o dispon\u00edveis na Igreja, para quem livremente decidir aceit\u00e1-los.<\/p>\n<\/div>\n","protected":false},"excerpt":{"rendered":"<p>\u201cAcolher a todos\u201d \u00e9 diferente de \u201cacolher tudo\u201d: h\u00e1 ren\u00fancias que s\u00e3o profundamente libertadoras, iluminadoras e revitalizadoras Otermo\u00a0\u201ccat\u00f3lico\u201d\u00a0passou a popularizar-se principalmente ap\u00f3s a reforma protestante, a fim de diferenciar entre os crist\u00e3os fi\u00e9is \u00e0 tradi\u00e7\u00e3o herdada dos prim\u00f3rdios do cristianismo e aqueles que seguiram interpreta\u00e7\u00f5es ligadas \u00e0 ruptura da unidade, como a luterana, a calvinista, [&hellip;]<\/p>\n","protected":false},"author":1,"featured_media":61966,"comment_status":"open","ping_status":"closed","sticky":false,"template":"","format":"standard","meta":{"footnotes":""},"categories":[4],"tags":[],"class_list":["post-61965","post","type-post","status-publish","format-standard","has-post-thumbnail","hentry","category-cotidiano"],"_links":{"self":[{"href":"https:\/\/catolicanet.net\/wp-cnet\/wp-json\/wp\/v2\/posts\/61965","targetHints":{"allow":["GET"]}}],"collection":[{"href":"https:\/\/catolicanet.net\/wp-cnet\/wp-json\/wp\/v2\/posts"}],"about":[{"href":"https:\/\/catolicanet.net\/wp-cnet\/wp-json\/wp\/v2\/types\/post"}],"author":[{"embeddable":true,"href":"https:\/\/catolicanet.net\/wp-cnet\/wp-json\/wp\/v2\/users\/1"}],"replies":[{"embeddable":true,"href":"https:\/\/catolicanet.net\/wp-cnet\/wp-json\/wp\/v2\/comments?post=61965"}],"version-history":[{"count":1,"href":"https:\/\/catolicanet.net\/wp-cnet\/wp-json\/wp\/v2\/posts\/61965\/revisions"}],"predecessor-version":[{"id":61967,"href":"https:\/\/catolicanet.net\/wp-cnet\/wp-json\/wp\/v2\/posts\/61965\/revisions\/61967"}],"wp:featuredmedia":[{"embeddable":true,"href":"https:\/\/catolicanet.net\/wp-cnet\/wp-json\/wp\/v2\/media\/61966"}],"wp:attachment":[{"href":"https:\/\/catolicanet.net\/wp-cnet\/wp-json\/wp\/v2\/media?parent=61965"}],"wp:term":[{"taxonomy":"category","embeddable":true,"href":"https:\/\/catolicanet.net\/wp-cnet\/wp-json\/wp\/v2\/categories?post=61965"},{"taxonomy":"post_tag","embeddable":true,"href":"https:\/\/catolicanet.net\/wp-cnet\/wp-json\/wp\/v2\/tags?post=61965"}],"curies":[{"name":"wp","href":"https:\/\/api.w.org\/{rel}","templated":true}]}}