{"id":6191,"date":"2015-07-31T11:49:53","date_gmt":"2015-07-31T14:49:53","guid":{"rendered":"http:\/\/catolicanet.net\/wp-cnet\/bispos-da-africa-austral-novos-media-digitais-para-evangelizar\/"},"modified":"2017-04-11T08:37:18","modified_gmt":"2017-04-11T11:37:18","slug":"bispos-da-africa-austral-novos-media-digitais-para-evangelizar","status":"publish","type":"post","link":"https:\/\/catolicanet.net\/wp-cnet\/bispos-da-africa-austral-novos-media-digitais-para-evangelizar\/","title":{"rendered":"Bispos da \u00c1frica Austral: novos media digitais para evangelizar"},"content":{"rendered":"<p style=\"text-align: justify;\"><img decoding=\"async\" src=\"http:\/\/catolicanet.com.br\/images\/stories\/geral\/evangelizar.jpg\" border=\"0\" align=\"left\" \/>A forma\u00e7\u00e3o das novas gera\u00e7\u00f5es de sacerdotes e religiosos em \u00c1frica j\u00e1 n\u00e3o pode mais ignorar o conhecimento e o uso dos novos media digitais &#8211; foi reafirmado no Encontro dos Bispos da \u00c1frica Austral\u00a0 (IMBISA), que reuniu em Pret\u00f3ria os episcopados de Angola, Botswana, Lesoto, Mo\u00e7ambique, Nam\u00edbia, S\u00e3o Tom\u00e9 e Pr\u00edncipe, \u00c1frica do Sul, Suazil\u00e2ndia e Zimbabwe. Quem o sublinhou foi Dom Bernadin Mfumbusa, bispo de Kondoe e presidente da Comiss\u00e3o para as Comunica\u00e7\u00f5es Sociais da Confer\u00eancia Episcopal da Tanz\u00e2nia (TEC), chamado para intervir e falar sobre o tema &#8220;A evangeliza\u00e7\u00e3o na era digital&#8221;.<\/p>\n<p>Na sua rela\u00e7\u00e3o \u2013 informa a ag\u00eancia Cisa &#8211; o prelado tanzaniano reiterou o que foi dito h\u00e1 um ano na 18\u00aa Assembleia AMECEA, a Associa\u00e7\u00e3o das Confer\u00eancias Episcopais da \u00c1frica Oriental, ou seja, que hoje &#8220;a presen\u00e7a da Igreja on-line j\u00e1 n\u00e3o \u00e9 um optional\u201d. Para cumprir o mandato de Jesus de fazer disc\u00edpulos em todas as na\u00e7\u00f5es \u00e9 preciso, de facto, ser capaz de comunicar a sua mensagem com meios adequados ao momento. Da\u00ed o convite aos formadores e te\u00f3logos africanos para publicarem os seus textos na internet. &#8220;A aus\u00eancia de conte\u00fados cat\u00f3licos na rede internet &#8211; advertiu &#8211; deixa um vazio que permite que outros conte\u00fados dominem o ciberespa\u00e7o&#8221;. Na mesma linha foi a interven\u00e7\u00e3o do Arcebispo de Pretoria, Dom William Slatter, que exortou os formadores nos Semin\u00e1rios em \u00c1frica a encorajar os seus estudantes a usar os novos meios digitais, t\u00e3o importantes para a nova evangeliza\u00e7\u00e3o.<\/p>\n<p>Indica\u00e7\u00f5es semelhantes \u00e0s que foram discutidas no encontro dos Bispos da \u00c1frica Austral haviam emergido, em maio \u00faltimo, de um semin\u00e1rio em Nairobi, destinado aos respons\u00e1veis das comunica\u00e7\u00f5es na regi\u00e3o da AMECEA, onde tinha sido sublinhada a urg\u00eancia para a Igreja de encontrar maneiras de optimizar a utiliza\u00e7\u00e3o das tecnologias da comunica\u00e7\u00e3o para tornar mais eficaz a sua miss\u00e3o evangelizadora.<\/p>\n<p style=\"text-align: justify;\">Fonte: R\u00e1dio Vaticano<\/p>\n","protected":false},"excerpt":{"rendered":"<p>A forma\u00e7\u00e3o das novas gera\u00e7\u00f5es de sacerdotes e religiosos em \u00c1frica j\u00e1 n\u00e3o pode mais ignorar o conhecimento e o uso dos novos media digitais &#8211; foi reafirmado no Encontro dos Bispos da \u00c1frica Austral\u00a0 (IMBISA), que reuniu em Pret\u00f3ria os episcopados de Angola, Botswana, Lesoto, Mo\u00e7ambique, Nam\u00edbia, S\u00e3o Tom\u00e9 e Pr\u00edncipe, \u00c1frica do Sul, [&hellip;]<\/p>\n","protected":false},"author":1,"featured_media":0,"comment_status":"closed","ping_status":"closed","sticky":false,"template":"","format":"standard","meta":{"footnotes":""},"categories":[3],"tags":[],"class_list":["post-6191","post","type-post","status-publish","format-standard","hentry","category-vaticano"],"_links":{"self":[{"href":"https:\/\/catolicanet.net\/wp-cnet\/wp-json\/wp\/v2\/posts\/6191","targetHints":{"allow":["GET"]}}],"collection":[{"href":"https:\/\/catolicanet.net\/wp-cnet\/wp-json\/wp\/v2\/posts"}],"about":[{"href":"https:\/\/catolicanet.net\/wp-cnet\/wp-json\/wp\/v2\/types\/post"}],"author":[{"embeddable":true,"href":"https:\/\/catolicanet.net\/wp-cnet\/wp-json\/wp\/v2\/users\/1"}],"replies":[{"embeddable":true,"href":"https:\/\/catolicanet.net\/wp-cnet\/wp-json\/wp\/v2\/comments?post=6191"}],"version-history":[{"count":1,"href":"https:\/\/catolicanet.net\/wp-cnet\/wp-json\/wp\/v2\/posts\/6191\/revisions"}],"predecessor-version":[{"id":11115,"href":"https:\/\/catolicanet.net\/wp-cnet\/wp-json\/wp\/v2\/posts\/6191\/revisions\/11115"}],"wp:attachment":[{"href":"https:\/\/catolicanet.net\/wp-cnet\/wp-json\/wp\/v2\/media?parent=6191"}],"wp:term":[{"taxonomy":"category","embeddable":true,"href":"https:\/\/catolicanet.net\/wp-cnet\/wp-json\/wp\/v2\/categories?post=6191"},{"taxonomy":"post_tag","embeddable":true,"href":"https:\/\/catolicanet.net\/wp-cnet\/wp-json\/wp\/v2\/tags?post=6191"}],"curies":[{"name":"wp","href":"https:\/\/api.w.org\/{rel}","templated":true}]}}