{"id":61869,"date":"2020-08-27T09:27:26","date_gmt":"2020-08-27T12:27:26","guid":{"rendered":"https:\/\/catolicanet.net\/wp-cnet\/?p=61869"},"modified":"2020-08-27T13:28:16","modified_gmt":"2020-08-27T16:28:16","slug":"respiradores-enviados-pelo-papa-sao-recebidos-em-goiania-go-e-em-crato-ce","status":"publish","type":"post","link":"https:\/\/catolicanet.net\/wp-cnet\/respiradores-enviados-pelo-papa-sao-recebidos-em-goiania-go-e-em-crato-ce\/","title":{"rendered":"Respiradores enviados pelo Papa s\u00e3o recebidos em Goi\u00e2nia (GO) e em Crato (CE)"},"content":{"rendered":"<p style=\"text-align: justify;\">Os emiss\u00e1rios do Papa Francisco, doutores Paolo Tachine e Antonio Guizzetti, representantes da \u201c<a href=\"https:\/\/www.hopeonlus.org\/en\/who-we-are\/\">Hope Onlus<\/a>\u201c, continuam empenhados em sua miss\u00e3o humanit\u00e1ria no Brasil. Conforme foi anunciado na segunda-feira, 17 de agosto, pela Esmolaria Apost\u00f3lica do Vaticano, eles t\u00eam a tarefa de fazer chegar ao seu destino os 24 respiradores para 6 hospitais religiosos espalhados sobre o territ\u00f3rio brasileiro para ajudar na cura de pacientes doentes pela Covid-19. A\u00a0<a href=\"http:\/\/www.vatican.va\/roman_curia\/institutions_connected\/elem_apost\/documents\/rc_elemosineria_pro_20121106_profile_po.html\">Esmolaria Apost\u00f3lica<\/a>\u00a0\u00e9 o departamento da Santa S\u00e9 que tem a fun\u00e7\u00e3o de exercer a caridade do Papa para com os pobres.<\/p>\n<p style=\"text-align: justify;\">Seguindo o cronograma de entregas, na manh\u00e3 de ter\u00e7a-feira, 25 de agosto, tr\u00eas novos respiradores foram entregues\u00a0 \u00e0 Santa Casa de Miseric\u00f3rdia de Goi\u00e2nia. Segundo o hospital, a unidade conta com 32 respiradores e 10 leitos de UTIs para pacientes diagnosticados com a Covid-19.<\/p>\n<div class=\"wall protected-content\" style=\"text-align: justify;\">\n<div class=\"mc-column content-text active-extra-styles \">\n<p class=\"content-text__container \">Durante a cerim\u00f4nia de entrega dos respiradores, o vice presidente da Santa Casa e bispo auxiliar de Goi\u00e2nia, dom Levi, benzeu os equipamentos antes que fossem repassados \u00e0 unidade de sa\u00fade.<\/p>\n<div id=\"attachment_245226\" class=\"wp-caption aligncenter\"><a href=\"https:\/\/www.cnbb.org.br\/wp-content\/uploads\/sites\/32\/2020\/08\/santa-casa-respiradores.jpg\"><img loading=\"lazy\" decoding=\"async\" class=\"wp-image-245226 size-full\" src=\"https:\/\/www.cnbb.org.br\/wp-content\/uploads\/sites\/32\/2020\/08\/santa-casa-respiradores.jpg\" srcset=\"https:\/\/www.cnbb.org.br\/wp-content\/uploads\/sites\/32\/2020\/08\/santa-casa-respiradores.jpg 984w, https:\/\/www.cnbb.org.br\/wp-content\/uploads\/sites\/32\/2020\/08\/santa-casa-respiradores-300x188.jpg 300w, https:\/\/www.cnbb.org.br\/wp-content\/uploads\/sites\/32\/2020\/08\/santa-casa-respiradores-768x481.jpg 768w\" alt=\"Dom Levi benze respiradores durante entrega a Santa Casa de Goi\u00e2nia \u2014 Foto: Adriano Reges\/TV Anhanguera\" width=\"984\" height=\"616\" aria-describedby=\"caption-attachment-245226\" \/><\/a><\/p>\n<p id=\"caption-attachment-245226\" class=\"wp-caption-text\">Dom Levi benze respiradores durante entrega a Santa Casa de Goi\u00e2nia \u2014 Foto: Adriano Reges\/TV Anhanguera<\/p>\n<\/div>\n<\/div>\n<div class=\"mc-column content-text active-extra-styles \">\n<p class=\"content-text__container \">A Santa Casa informou que pacientes com coronav\u00edrus s\u00e3o atendidos no local desde o in\u00edcio do m\u00eas de junho. A diretoria do hospital informou que os novos equipamentos v\u00e3o permitir uma margem de seguran\u00e7a nos atendimentos. Informou ainda que, durante a visita pela Santa Casa, os m\u00e9dicos devem trocar experi\u00eancias de como a pandemia foi na It\u00e1lia.<\/p>\n<\/div>\n<div class=\"mc-column content-text active-extra-styles \">\n<p class=\"content-text__container \">Esmoleiro vaticano, cardeal Konrad Krajewski enviou uma nota \u00e0 institui\u00e7\u00e3o informando que o Vaticano destaca que o papa \u201cincessantemente faz um sincero apelo para a generosidade e a solidariedade para com aquelas popula\u00e7\u00f5es e aqueles pa\u00edses que majoritariamente sofrem por causa da emerg\u00eancia epidemiol\u00f3gica da Covid-19\u201d.<\/p>\n<h3>Crato \u2013 Cear\u00e1<\/h3>\n<div id=\"attachment_245227\" class=\"wp-caption alignright\"><a href=\"https:\/\/www.cnbb.org.br\/wp-content\/uploads\/sites\/32\/2020\/08\/IMG_7369.jpg\"><img loading=\"lazy\" decoding=\"async\" class=\"wp-image-245227\" src=\"https:\/\/www.cnbb.org.br\/wp-content\/uploads\/sites\/32\/2020\/08\/IMG_7369.jpg\" srcset=\"https:\/\/www.cnbb.org.br\/wp-content\/uploads\/sites\/32\/2020\/08\/IMG_7369.jpg 1024w, https:\/\/www.cnbb.org.br\/wp-content\/uploads\/sites\/32\/2020\/08\/IMG_7369-300x200.jpg 300w, https:\/\/www.cnbb.org.br\/wp-content\/uploads\/sites\/32\/2020\/08\/IMG_7369-768x512.jpg 768w\" alt=\"Dom Gilberto recebe respiradores durante entrega \u00e0 diocese de Crato (CE) \u2014 Foto: Assessoria de imprensa da diocese de Crato (CE)\" width=\"419\" height=\"280\" aria-describedby=\"caption-attachment-245227\" \/><\/a><\/p>\n<p id=\"caption-attachment-245227\" class=\"wp-caption-text\">Dom Gilberto recebe respiradores durante entrega ao Hospital S\u00e3o Camilo, em Crato Crato (CE) \u2014 Foto: Assessoria de imprensa da diocese de Crato (CE)<\/p>\n<\/div>\n<p>A Diocese de Crato, no Cear\u00e1, tamb\u00e9m recebeu dois ventiladores pulmonares e um ultrassom vindos de Roma, na It\u00e1lia, doados pelo Papa Francisco. Os equipamentos forem entregues, na quarta-feira (26), ao Hospital S\u00e3o Camilo, em Crato, para o tratamento de pacientes com Covid-19.<\/p>\n<p>A solenidade de entrega dos dois respiradores pulmonares e de um aparelho de ultrassonografia port\u00e1til aconteceu com a presen\u00e7a do m\u00e9dico italiano Paolo Taccone, representante da Hope Onlus.<\/p>\n<p>Dom Gilberto Pastana, bispo da diocese de Crato, tamb\u00e9m participou do momento, e aben\u00e7oou os equipamentos de sa\u00fade e agradeceu. \u201cN\u00f3s somos muito gratos ao Santo Padre, por este presente, esta doa\u00e7\u00e3o e pela preocupa\u00e7\u00e3o\u201d.<\/p>\n<p>Para o bispo diocesano, o gesto do Papa demonstra seu amor pelo Brasil. \u201cSem d\u00favida um gesto de solidariedade e de amor a todos n\u00f3s, brasileiros, que neste tempo t\u00e3o dif\u00edcil, conseguiu estes equipamentos e est\u00e1 ofertando a este hospital para que, as pessoas acometidas deste v\u00edrus, possam se recuperar\u201d, disse.<\/p>\n<p>A Institui\u00e7\u00e3o, administrada pela Sociedade Beneficente S\u00e3o Camilo, \u00e9 refer\u00eancia para o tratamento de pacientes graves da regi\u00e3o de sa\u00fade do Crato, composta por 13 munic\u00edpios. Outras sete unidades de sa\u00fade em territ\u00f3rio brasileiro foram listadas para receber estes suprimentos m\u00e9dicos.<\/p>\n<p>O Hospital possui 42 leitos de enfermaria para tratamentos de paciente com Covid-19\u00a0e a taxa de ocupa\u00e7\u00e3o \u00e9 de 16,67%.\u00a0Segundo o \u00faltimo boletim epidemiol\u00f3gico da Secretaria Municipal de Sa\u00fade, o Crato soma\u00a05.371 casos confirmados da doen\u00e7a, sendo que 4050 j\u00e1 est\u00e3o recuperados. L\u00e1, foram registrados 77 \u00f3bitos.<\/p>\n<\/div>\n<h3 class=\"content-ads content-ads--reveal\">Pr\u00f3ximas cidades<\/h3>\n<\/div>\n<p style=\"text-align: justify;\">Aracaju-SE, Porto Alegre-RS e Rio de Janeiro-RJ s\u00e3o as pr\u00f3ximas localidades onde os representantes do Vaticano far\u00e3o a entrega de respiradores a hospitais locais e aos arcebispos metropolitanos.<\/p>\n<p style=\"text-align: justify;\">\n<p style=\"text-align: justify;\">Entenda (<a href=\"https:\/\/www.cnbb.org.br\/emissarios-da-entrega-de-24-respiradores-enviados-pelo-papa-sao-recebidos-na-cnbb-e-nunciatura-apostolica\/\">aqui<\/a>) a doa\u00e7\u00e3o do Papa Francisco.<\/p>\n<p style=\"text-align: justify;\">\n<pre>Com informa\u00e7\u00f5es da diocese de Crato (CE) e G1 Goi\u00e1s<\/pre>\n","protected":false},"excerpt":{"rendered":"<p>Os emiss\u00e1rios do Papa Francisco, doutores Paolo Tachine e Antonio Guizzetti, representantes da \u201cHope Onlus\u201c, continuam empenhados em sua miss\u00e3o humanit\u00e1ria no Brasil. Conforme foi anunciado na segunda-feira, 17 de agosto, pela Esmolaria Apost\u00f3lica do Vaticano, eles t\u00eam a tarefa de fazer chegar ao seu destino os 24 respiradores para 6 hospitais religiosos espalhados sobre [&hellip;]<\/p>\n","protected":false},"author":1,"featured_media":61870,"comment_status":"open","ping_status":"closed","sticky":false,"template":"","format":"standard","meta":{"footnotes":""},"categories":[7],"tags":[],"class_list":["post-61869","post","type-post","status-publish","format-standard","has-post-thumbnail","hentry","category-cnbb"],"_links":{"self":[{"href":"https:\/\/catolicanet.net\/wp-cnet\/wp-json\/wp\/v2\/posts\/61869","targetHints":{"allow":["GET"]}}],"collection":[{"href":"https:\/\/catolicanet.net\/wp-cnet\/wp-json\/wp\/v2\/posts"}],"about":[{"href":"https:\/\/catolicanet.net\/wp-cnet\/wp-json\/wp\/v2\/types\/post"}],"author":[{"embeddable":true,"href":"https:\/\/catolicanet.net\/wp-cnet\/wp-json\/wp\/v2\/users\/1"}],"replies":[{"embeddable":true,"href":"https:\/\/catolicanet.net\/wp-cnet\/wp-json\/wp\/v2\/comments?post=61869"}],"version-history":[{"count":1,"href":"https:\/\/catolicanet.net\/wp-cnet\/wp-json\/wp\/v2\/posts\/61869\/revisions"}],"predecessor-version":[{"id":61871,"href":"https:\/\/catolicanet.net\/wp-cnet\/wp-json\/wp\/v2\/posts\/61869\/revisions\/61871"}],"wp:featuredmedia":[{"embeddable":true,"href":"https:\/\/catolicanet.net\/wp-cnet\/wp-json\/wp\/v2\/media\/61870"}],"wp:attachment":[{"href":"https:\/\/catolicanet.net\/wp-cnet\/wp-json\/wp\/v2\/media?parent=61869"}],"wp:term":[{"taxonomy":"category","embeddable":true,"href":"https:\/\/catolicanet.net\/wp-cnet\/wp-json\/wp\/v2\/categories?post=61869"},{"taxonomy":"post_tag","embeddable":true,"href":"https:\/\/catolicanet.net\/wp-cnet\/wp-json\/wp\/v2\/tags?post=61869"}],"curies":[{"name":"wp","href":"https:\/\/api.w.org\/{rel}","templated":true}]}}