{"id":61785,"date":"2020-08-25T09:20:16","date_gmt":"2020-08-25T12:20:16","guid":{"rendered":"https:\/\/catolicanet.net\/wp-cnet\/?p=61785"},"modified":"2020-08-25T13:26:42","modified_gmt":"2020-08-25T16:26:42","slug":"homenagem-a-dom-helder-camara-pelos-21-anos-de-sua-partida","status":"publish","type":"post","link":"https:\/\/catolicanet.net\/wp-cnet\/homenagem-a-dom-helder-camara-pelos-21-anos-de-sua-partida\/","title":{"rendered":"HOMENAGEM A DOM HELDER CAMARA PELOS 21 ANOS DE SUA PARTIDA"},"content":{"rendered":"<p style=\"text-align: justify;\">No pr\u00f3ximo dia 27 de agosto estaremos celebrando os 21 anos da p\u00e1scoa de Dom Helder Camara.<\/p>\n<p style=\"text-align: justify;\">Para celebrar a sua mem\u00f3ria o IDHeC \u2013 Instituto Dom Helder Camara, em parceria com a Arquidiocese de Olinda e Recife e a \u00a0livraria Paulus, preparou uma programa\u00e7\u00e3o especial, que come\u00e7a no dia 26 de agosto e vai at\u00e9 o dia 05 de setembro, encerrando as homenagens.<\/p>\n<p style=\"text-align: justify;\">A abertura das homenagens ser\u00e1 no dia 26 de agosto, com a inaugura\u00e7\u00e3o de uma exposi\u00e7\u00e3o de posters com fotos e frases de Dom Helder e livros escritos por Dom Helder ou sobre ele, como \u00e9 o caso da Fotobiografia O Santo Revelado, publicado pelo IDHeC em parceria com Cepe \u2013 Companhia Editora de Pernambuco, que conta, atrav\u00e9s de imagens, a trajet\u00f3ria do Dom.<\/p>\n<p style=\"text-align: justify;\">A exposi\u00e7\u00e3o estar\u00e1 aberta \u00e0 visita\u00e7\u00e3o na av. Dantas Barreto, n\u00ba 1000, no bairro de S\u00e3o Jos\u00e9.<\/p>\n<p style=\"text-align: justify;\">No dia 27 de agosto as homenagens come\u00e7ar\u00e3o com a celebra\u00e7\u00e3o de uma missa, presidida pelo arcebispo de Olinda e Recife, Dom Fernando Saburido, \u00e0s 19h30, na Catedral da S\u00e9, em Olinda. A missa ser\u00e1 transmitida pela R\u00e1dio Olinda e pelo canal da Arquidiocese no Youtube.<\/p>\n<p style=\"text-align: justify;\">Em seguida, \u00e0s 20h30, ser\u00e1 transmitido, atrav\u00e9s do canal do Youtube do IDHeC, \u00a0o sarau DOM HELDER EM CONCERTO, com a apresenta\u00e7\u00e3o do tenor Igor Alves, na igreja das Fronteiras, exclusiva para o evento. O evento ser\u00e1 apresentado por Guilherme Souza e contar\u00e1 ainda com a participa\u00e7\u00e3o especial do monge Marcelo Barros e do Pe. Fabio dos Santos Potiguar, capel\u00e3o da igreja das Fronteiras, fazendo uma breve reflex\u00e3o sobre Dom Helder.<\/p>\n<p style=\"text-align: justify;\">O jovem tenor Igor Mateus Alves da Silva \u00e9 um jovem de 22 anos de idade, natural da cidade de Triunfo PE. Reside em Recife, onde estuda Canto Erudito no COM- Conservat\u00f3rio Pernambucano de M\u00fasica.<\/p>\n<p style=\"text-align: justify;\">Igor come\u00e7ou a cantar com seis anos de idade, na sua terra natal, Triunfo, em igrejas, teatros, eventos corporativos, casamentos. Teve aulas de canto na escola, o que ajudou a desenvolver o seu talento natural e a amadurecer a sua voz.<\/p>\n<p style=\"text-align: justify;\">\u00danico tenor do sert\u00e3o de Pernambuco j\u00e1 participou de diversos programas de televis\u00e3o, tendo cantado ao lado de diversas personalidades da m\u00fasica popular brasileira como Agnaldo Tim\u00f3teo, Adilson Ramos, Cristina Amaral e Moacyr Franco, e esteve com destaques do canto erudito de \u00a0n\u00edvel internacional como Carmem Monarcha, Thiago Arancam e o reconhecido tenor Andr\u00e9a Bocelli.<\/p>\n<p style=\"text-align: justify;\">J\u00e1 ganhou diversos pr\u00eamios e homenagens por sua luta contra o racismo. Sendo negro, sofreu na pr\u00f3pria pele as discrimina\u00e7\u00f5es e cr\u00edticas por causa de sua cor. Sua luta contra o racismo lhe rendeu o t\u00edtulo de tenor pr\u00edncipe negro do sert\u00e3o. Sua luta contra o racismo inclui palestras me escolas, faculdades e outras institui\u00e7\u00f5es, incentivando outros jovens a perseguir seus sonhos de vencer na vida.<\/p>\n<p>&nbsp;<\/p>\n<p><img loading=\"lazy\" decoding=\"async\" class=\"alignnone wp-image-61787 size-full\" src=\"https:\/\/catolicanet.net\/wp-cnet\/wp-content\/uploads\/convite-2.jpg\" alt=\"\" width=\"1078\" height=\"1078\" srcset=\"https:\/\/catolicanet.net\/wp-cnet\/wp-content\/uploads\/convite-2.jpg 1078w, https:\/\/catolicanet.net\/wp-cnet\/wp-content\/uploads\/convite-2-300x300.jpg 300w, https:\/\/catolicanet.net\/wp-cnet\/wp-content\/uploads\/convite-2-1024x1024.jpg 1024w, https:\/\/catolicanet.net\/wp-cnet\/wp-content\/uploads\/convite-2-150x150.jpg 150w, https:\/\/catolicanet.net\/wp-cnet\/wp-content\/uploads\/convite-2-768x768.jpg 768w, https:\/\/catolicanet.net\/wp-cnet\/wp-content\/uploads\/convite-2-600x600.jpg 600w, https:\/\/catolicanet.net\/wp-cnet\/wp-content\/uploads\/convite-2-696x696.jpg 696w, https:\/\/catolicanet.net\/wp-cnet\/wp-content\/uploads\/convite-2-1068x1068.jpg 1068w, https:\/\/catolicanet.net\/wp-cnet\/wp-content\/uploads\/convite-2-420x420.jpg 420w\" sizes=\"auto, (max-width: 1078px) 100vw, 1078px\" \/><\/p>\n","protected":false},"excerpt":{"rendered":"<p>No pr\u00f3ximo dia 27 de agosto estaremos celebrando os 21 anos da p\u00e1scoa de Dom Helder Camara. Para celebrar a sua mem\u00f3ria o IDHeC \u2013 Instituto Dom Helder Camara, em parceria com a Arquidiocese de Olinda e Recife e a \u00a0livraria Paulus, preparou uma programa\u00e7\u00e3o especial, que come\u00e7a no dia 26 de agosto e vai [&hellip;]<\/p>\n","protected":false},"author":1,"featured_media":61786,"comment_status":"open","ping_status":"closed","sticky":false,"template":"","format":"standard","meta":{"footnotes":""},"categories":[4,13],"tags":[],"class_list":["post-61785","post","type-post","status-publish","format-standard","has-post-thumbnail","hentry","category-cotidiano","category-featured"],"_links":{"self":[{"href":"https:\/\/catolicanet.net\/wp-cnet\/wp-json\/wp\/v2\/posts\/61785","targetHints":{"allow":["GET"]}}],"collection":[{"href":"https:\/\/catolicanet.net\/wp-cnet\/wp-json\/wp\/v2\/posts"}],"about":[{"href":"https:\/\/catolicanet.net\/wp-cnet\/wp-json\/wp\/v2\/types\/post"}],"author":[{"embeddable":true,"href":"https:\/\/catolicanet.net\/wp-cnet\/wp-json\/wp\/v2\/users\/1"}],"replies":[{"embeddable":true,"href":"https:\/\/catolicanet.net\/wp-cnet\/wp-json\/wp\/v2\/comments?post=61785"}],"version-history":[{"count":1,"href":"https:\/\/catolicanet.net\/wp-cnet\/wp-json\/wp\/v2\/posts\/61785\/revisions"}],"predecessor-version":[{"id":61788,"href":"https:\/\/catolicanet.net\/wp-cnet\/wp-json\/wp\/v2\/posts\/61785\/revisions\/61788"}],"wp:featuredmedia":[{"embeddable":true,"href":"https:\/\/catolicanet.net\/wp-cnet\/wp-json\/wp\/v2\/media\/61786"}],"wp:attachment":[{"href":"https:\/\/catolicanet.net\/wp-cnet\/wp-json\/wp\/v2\/media?parent=61785"}],"wp:term":[{"taxonomy":"category","embeddable":true,"href":"https:\/\/catolicanet.net\/wp-cnet\/wp-json\/wp\/v2\/categories?post=61785"},{"taxonomy":"post_tag","embeddable":true,"href":"https:\/\/catolicanet.net\/wp-cnet\/wp-json\/wp\/v2\/tags?post=61785"}],"curies":[{"name":"wp","href":"https:\/\/api.w.org\/{rel}","templated":true}]}}