{"id":61782,"date":"2020-08-25T09:12:35","date_gmt":"2020-08-25T12:12:35","guid":{"rendered":"https:\/\/catolicanet.net\/wp-cnet\/?p=61782"},"modified":"2020-08-25T13:13:22","modified_gmt":"2020-08-25T16:13:22","slug":"uma-ave-maria-pouco-conhecida-mas-tao-bonita-quanto-a-de-schubert","status":"publish","type":"post","link":"https:\/\/catolicanet.net\/wp-cnet\/uma-ave-maria-pouco-conhecida-mas-tao-bonita-quanto-a-de-schubert\/","title":{"rendered":"Uma Ave-Maria pouco conhecida, mas t\u00e3o bonita quanto a de Schubert"},"content":{"rendered":"<h2 class=\"subtitle\" style=\"text-align: justify;\">A incr\u00edvel mistura vocal do grupo Voces8 destaca uma joia da m\u00fasica sacra<\/h2>\n<div class=\"base-post-content\">AAve-Maria \u00e9 uma das obras de m\u00fasica sacra mais gravadas do cancioneiro cat\u00f3lico. Embora haja muitas vers\u00f5es e uma ampla gama de estilos, a maioria das pessoas s\u00f3 est\u00e1 familiarizada com o arranjo popular de Schubert.<\/p>\n<p style=\"text-align: justify;\">\n<p style=\"text-align: justify;\">Claro, o dom\u00ednio s\u00f3lido de Schubert no lugar principal \u00e9 bem merecido, j\u00e1 que sua m\u00fasica foi composta para despertar as emo\u00e7\u00f5es dos ouvintes. Por\u00e9m, h\u00e1 muitas outras vers\u00f5es desta ora\u00e7\u00e3o \u00e0 M\u00e3e Sant\u00edssima que valem a pena ser exploradas.<\/p>\n<p style=\"text-align: justify;\">Hoje, destacamos a Ave-Maria de Franz Biebl, um compositor do s\u00e9culo XX. Composta na d\u00e9cada de 1960, a pe\u00e7a ficou mais conhecida em 1989, quando foi apresentada pela primeira vez nos Estados Unidos. A obra combina o texto em latim da ora\u00e7\u00e3o do\u00a0<em>Angelus<\/em>\u00a0com o da Ave-Maria servindo de refr\u00e3o.<\/p>\n<p style=\"text-align: justify;\">O\u00a0<em>Angelus<\/em>\u00a0\u00e9 cantado em cantoch\u00e3o, apoiado em uma nota mon\u00f3tona, enquanto os cantores recitam a ora\u00e7\u00e3o, mas as partes da Ave-Maria tornam-se imersas em linhas polif\u00f4nicas que sobem lindamente por toda parte. Embora o estilo seja o de um moteto, uma forma musical que remete a algumas das primeiras formas de m\u00fasica crist\u00e3, alguns acordes produzidos pelo coro s\u00e3o reminiscentes do per\u00edodo rom\u00e2ntico.<\/p>\n<p style=\"text-align: justify;\">O grupo Voces8 conseguiu produziu um som t\u00e3o bom que parece imposs\u00edvel que n\u00e3o haja mais pessoas cantando com eles.\u00a0<a href=\"https:\/\/www.youtube.com\/watch?time_continue=4&amp;v=ycAtH_b7PnI&amp;feature=emb_logo\" target=\"_blank\" rel=\"noopener noreferrer\">Assista:<\/a><\/p>\n<div class=\"embed-container\" style=\"text-align: justify;\"><iframe loading=\"lazy\" title=\"VOCES8: Ave Maria  - Franz Biebl\" src=\"https:\/\/www.youtube.com\/embed\/ycAtH_b7PnI?feature=oembed\" width=\"720\" height=\"405\" frameborder=\"0\" allowfullscreen=\"allowfullscreen\" data-mce-fragment=\"1\"><\/iframe><\/div>\n<p style=\"text-align: justify;\">Se voc\u00ea est\u00e1 procurando mais do Voces8, sugerimos \u201cA Boy and a Girl\u201d de Eric Whitacre, um dos compositores vivos mais talentosos. D\u00ea o play abaixo para conhecer essa composi\u00e7\u00e3o tamb\u00e9m.<\/p>\n<div class=\"embed-container\"><iframe loading=\"lazy\" title=\"VOCES8: A Boy and a Girl - Eric Whitacre\" src=\"https:\/\/www.youtube.com\/embed\/GLoncQ9Euik?feature=oembed\" width=\"720\" height=\"405\" frameborder=\"0\" allowfullscreen=\"allowfullscreen\" data-mce-fragment=\"1\"><\/iframe><\/div>\n<div class=\"bkreadmore\"><\/div>\n<\/div>\n","protected":false},"excerpt":{"rendered":"<p>A incr\u00edvel mistura vocal do grupo Voces8 destaca uma joia da m\u00fasica sacra AAve-Maria \u00e9 uma das obras de m\u00fasica sacra mais gravadas do cancioneiro cat\u00f3lico. Embora haja muitas vers\u00f5es e uma ampla gama de estilos, a maioria das pessoas s\u00f3 est\u00e1 familiarizada com o arranjo popular de Schubert. Claro, o dom\u00ednio s\u00f3lido de Schubert [&hellip;]<\/p>\n","protected":false},"author":1,"featured_media":61783,"comment_status":"open","ping_status":"closed","sticky":false,"template":"","format":"standard","meta":{"footnotes":""},"categories":[4],"tags":[],"class_list":["post-61782","post","type-post","status-publish","format-standard","has-post-thumbnail","hentry","category-cotidiano"],"_links":{"self":[{"href":"https:\/\/catolicanet.net\/wp-cnet\/wp-json\/wp\/v2\/posts\/61782","targetHints":{"allow":["GET"]}}],"collection":[{"href":"https:\/\/catolicanet.net\/wp-cnet\/wp-json\/wp\/v2\/posts"}],"about":[{"href":"https:\/\/catolicanet.net\/wp-cnet\/wp-json\/wp\/v2\/types\/post"}],"author":[{"embeddable":true,"href":"https:\/\/catolicanet.net\/wp-cnet\/wp-json\/wp\/v2\/users\/1"}],"replies":[{"embeddable":true,"href":"https:\/\/catolicanet.net\/wp-cnet\/wp-json\/wp\/v2\/comments?post=61782"}],"version-history":[{"count":1,"href":"https:\/\/catolicanet.net\/wp-cnet\/wp-json\/wp\/v2\/posts\/61782\/revisions"}],"predecessor-version":[{"id":61784,"href":"https:\/\/catolicanet.net\/wp-cnet\/wp-json\/wp\/v2\/posts\/61782\/revisions\/61784"}],"wp:featuredmedia":[{"embeddable":true,"href":"https:\/\/catolicanet.net\/wp-cnet\/wp-json\/wp\/v2\/media\/61783"}],"wp:attachment":[{"href":"https:\/\/catolicanet.net\/wp-cnet\/wp-json\/wp\/v2\/media?parent=61782"}],"wp:term":[{"taxonomy":"category","embeddable":true,"href":"https:\/\/catolicanet.net\/wp-cnet\/wp-json\/wp\/v2\/categories?post=61782"},{"taxonomy":"post_tag","embeddable":true,"href":"https:\/\/catolicanet.net\/wp-cnet\/wp-json\/wp\/v2\/tags?post=61782"}],"curies":[{"name":"wp","href":"https:\/\/api.w.org\/{rel}","templated":true}]}}