{"id":61761,"date":"2020-08-25T09:01:27","date_gmt":"2020-08-25T12:01:27","guid":{"rendered":"https:\/\/catolicanet.net\/wp-cnet\/?p=61761"},"modified":"2020-08-25T13:02:32","modified_gmt":"2020-08-25T16:02:32","slug":"live-vai-discutir-os-caminhos-sustentaveis-para-superar-a-fome-no-brasil","status":"publish","type":"post","link":"https:\/\/catolicanet.net\/wp-cnet\/live-vai-discutir-os-caminhos-sustentaveis-para-superar-a-fome-no-brasil\/","title":{"rendered":"Live vai discutir os caminhos sustent\u00e1veis para superar a fome no Brasil"},"content":{"rendered":"<p style=\"text-align: justify;\">As lives de mobiliza\u00e7\u00e3o da A\u00e7\u00e3o Emergencial \u201c\u00c9 Tempo de Cuidar\u201d entraram em uma nova fase neste m\u00eas a partir do dia 11 de agosto, sendo realizadas em s\u00e9ries tem\u00e1ticas para discutir e aprofundar aspectos da realidade brasileira associada \u00e0 solidariedade sempre no mesmo dia da semana, \u00e0s ter\u00e7as-feiras, \u00e0s 17h, transmitidas pelas redes sociais da Confer\u00eancia Nacional dos Bispos do Brasil (CNBB) e da C\u00e1ritas Brasileira.\u00a0A iniciativa comp\u00f5e uma das atividades da A\u00e7\u00e3o Solid\u00e1ria Emergencial \u201c\u00c9 Tempo de Cuidar\u201d.<\/p>\n<p style=\"text-align: justify;\">Segundo a assessora de Comunica\u00e7\u00e3o da CNBB, Manuela Castro, o objetivo \u00e9 aprofundar e abordar diferentes aspectos e enfoques das tem\u00e1ticas ligadas \u00e0 solidariedade na Igreja no Brasil. O aprofundamento segue os passos adotados pela Igreja no Brasil (ver, julgar, agir e celebrar).<\/p>\n<p style=\"text-align: justify;\">A primeira s\u00e9rie, que inclui a realiza\u00e7\u00e3o de quatro lives, entre 11 de agosto a 1\u00ba de setembro, est\u00e1 aprofundando o tema da \u201cFome\u201d.\u00a0A raz\u00e3o da escolha do tema da Fome \u00e9 para aprofundar a amea\u00e7a de retorno do Brasil Mapa da Fome, de onde j\u00e1 havia sa\u00eddo. O Programa Mundial de Alimentos (WFP, na sigla em ingl\u00eas), uma das maiores ag\u00eancias humanit\u00e1rias das Organiza\u00e7\u00f5es das Na\u00e7\u00f5es Unidas (ONU), vem chamando a aten\u00e7\u00e3o para este risco no contexto da pandemia.<\/p>\n<p style=\"text-align: justify;\">A primeira live da s\u00e9rie sobre a Fome, realizada na semana passada, foi \u201cA Hist\u00f3ria e os n\u00fameros da pobreza e da fome no Brasil\u201d, tendo com a inspira\u00e7\u00e3o b\u00edblica: \u201cQuando foi que te vimos com fome?\u201d (Mt 25,37), buscando responder a parte do \u201cver\u201d no m\u00e9todo adotado pela Igreja no Brasil para compreender a fen\u00f4menos da realidade e indicar caminhos de a\u00e7\u00e3o.\u00a0A segunda live aconteceu dia 18 de agosto com o tema: \u201cFundamentos b\u00edblicos mobilizadores para a proximidade da Igreja com as pessoas empobrecidas\u201d, o que corresponde ao momento do \u201cjulgar\u201d. A live teve como inspira\u00e7\u00e3o b\u00edblica: \u201cFaltava o p\u00e3o em toda terra, pois a fome se agravava.\u201d (Gn 47,13).<\/p>\n<p style=\"text-align: justify;\"><strong>Supera\u00e7\u00e3o da fome e da mis\u00e9ria no Brasil<\/strong><\/p>\n<p style=\"text-align: justify;\">A terceira live da s\u00e9rie, que corresponde ao momento do \u201cagir\u201d, vai aprofundar amanh\u00e3, 25 de agosto, \u00e0s 17h, o tema: \u201cRespostas criativas e sustent\u00e1veis para a supera\u00e7\u00e3o da mis\u00e9ria e da fome no Brasil\u201d e a inspira\u00e7\u00e3o b\u00edblica:\u00a0 \u00a0\u201cDai-lhes v\u00f3s mesmos de comer.\u201d (Mt 14,16).<\/p>\n<p style=\"text-align: justify;\">Participa, como convidado desta edi\u00e7\u00e3o, o frei Paulo Batista, membro da fraternidade S\u00e3o Francisco de Assis na Provid\u00eancia de Deus. Al\u00e9m da forma\u00e7\u00e3o em teologia e filosofia, ele possui gradua\u00e7\u00e3o em Administra\u00e7\u00e3o de Empresas e Sa\u00fade pela faculdade S\u00e3o Camilo. Ele \u00e9 diretor do hospital S\u00e3o Francisco na Provid\u00eancia de Deus, no Rio de Janeiro, local visitado pelo Papa em 2013.\u00a0 Em 2016 iniciou o projeto chamado \u201cMiss\u00e3o Amor que Cura\u201d, uma iniciativa que atua em realidades de extrema pobreza levando amor por meio de alimenta\u00e7\u00e3o, roupas, assist\u00eancia m\u00e9dica e odontol\u00f3gica nos lix\u00f5es, favelas, pres\u00eddios e \u00e0s pessoas em situa\u00e7\u00e3o de rua.<\/p>\n<p style=\"text-align: justify;\">A outra convidada \u00e9 a professora da Universidade Federal do Piau\u00ed,\u00a0Maria Sueli Rodrigues de Sousa. Ela \u00e9 doutora em Direito, Estado e Constitui\u00e7\u00e3o pela Universidade de Bras\u00edlia e mestre em Desenvolvimento e Meio Ambiente. Tamb\u00e9m integra a Comiss\u00e3o Nacional da Verdade da Escravid\u00e3o Negra, na Ordem dos Advogados do Brasil \u2013 OAB.\u00a0Nesta nova fase, as lives est\u00e3o sendo mediadas pelo secret\u00e1rio-executivo das Campanhas da Confer\u00eancia Nacional dos Bispos do Brasil (CNBB), padre Patriky Samuel Batista, e contar\u00e3o sempre com a presen\u00e7a de dois especialistas nas tem\u00e1ticas e membros da Igreja no Brasil que t\u00eam contato e experi\u00eancia com o tema de cada epis\u00f3dio.<\/p>\n<p style=\"text-align: justify;\"><a href=\"https:\/\/www.cnbb.org.br\/wp-content\/uploads\/sites\/32\/2020\/08\/Programa%C3%A7%C3%A3o-nova-fase.jpeg\"><img loading=\"lazy\" decoding=\"async\" class=\"alignnone size-full wp-image-243911\" src=\"https:\/\/www.cnbb.org.br\/wp-content\/uploads\/sites\/32\/2020\/08\/Programa%C3%A7%C3%A3o-nova-fase.jpeg\" srcset=\"https:\/\/www.cnbb.org.br\/wp-content\/uploads\/sites\/32\/2020\/08\/Programa\u00e7\u00e3o-nova-fase.jpeg 960w, https:\/\/www.cnbb.org.br\/wp-content\/uploads\/sites\/32\/2020\/08\/Programa\u00e7\u00e3o-nova-fase-225x300.jpeg 225w, https:\/\/www.cnbb.org.br\/wp-content\/uploads\/sites\/32\/2020\/08\/Programa\u00e7\u00e3o-nova-fase-768x1024.jpeg 768w\" alt=\"\" width=\"960\" height=\"1280\" \/><\/a><\/p>\n","protected":false},"excerpt":{"rendered":"<p>As lives de mobiliza\u00e7\u00e3o da A\u00e7\u00e3o Emergencial \u201c\u00c9 Tempo de Cuidar\u201d entraram em uma nova fase neste m\u00eas a partir do dia 11 de agosto, sendo realizadas em s\u00e9ries tem\u00e1ticas para discutir e aprofundar aspectos da realidade brasileira associada \u00e0 solidariedade sempre no mesmo dia da semana, \u00e0s ter\u00e7as-feiras, \u00e0s 17h, transmitidas pelas redes sociais [&hellip;]<\/p>\n","protected":false},"author":1,"featured_media":61762,"comment_status":"open","ping_status":"closed","sticky":false,"template":"","format":"standard","meta":{"footnotes":""},"categories":[7],"tags":[],"class_list":["post-61761","post","type-post","status-publish","format-standard","has-post-thumbnail","hentry","category-cnbb"],"_links":{"self":[{"href":"https:\/\/catolicanet.net\/wp-cnet\/wp-json\/wp\/v2\/posts\/61761","targetHints":{"allow":["GET"]}}],"collection":[{"href":"https:\/\/catolicanet.net\/wp-cnet\/wp-json\/wp\/v2\/posts"}],"about":[{"href":"https:\/\/catolicanet.net\/wp-cnet\/wp-json\/wp\/v2\/types\/post"}],"author":[{"embeddable":true,"href":"https:\/\/catolicanet.net\/wp-cnet\/wp-json\/wp\/v2\/users\/1"}],"replies":[{"embeddable":true,"href":"https:\/\/catolicanet.net\/wp-cnet\/wp-json\/wp\/v2\/comments?post=61761"}],"version-history":[{"count":1,"href":"https:\/\/catolicanet.net\/wp-cnet\/wp-json\/wp\/v2\/posts\/61761\/revisions"}],"predecessor-version":[{"id":61763,"href":"https:\/\/catolicanet.net\/wp-cnet\/wp-json\/wp\/v2\/posts\/61761\/revisions\/61763"}],"wp:featuredmedia":[{"embeddable":true,"href":"https:\/\/catolicanet.net\/wp-cnet\/wp-json\/wp\/v2\/media\/61762"}],"wp:attachment":[{"href":"https:\/\/catolicanet.net\/wp-cnet\/wp-json\/wp\/v2\/media?parent=61761"}],"wp:term":[{"taxonomy":"category","embeddable":true,"href":"https:\/\/catolicanet.net\/wp-cnet\/wp-json\/wp\/v2\/categories?post=61761"},{"taxonomy":"post_tag","embeddable":true,"href":"https:\/\/catolicanet.net\/wp-cnet\/wp-json\/wp\/v2\/tags?post=61761"}],"curies":[{"name":"wp","href":"https:\/\/api.w.org\/{rel}","templated":true}]}}