{"id":61758,"date":"2020-08-25T08:58:07","date_gmt":"2020-08-25T11:58:07","guid":{"rendered":"https:\/\/catolicanet.net\/wp-cnet\/?p=61758"},"modified":"2020-08-25T12:59:28","modified_gmt":"2020-08-25T15:59:28","slug":"cnbb-oferece-educacao-integral-e-apoio-psicologico-a-menina-estuprada-pelo-tio-no-espirito-santo","status":"publish","type":"post","link":"https:\/\/catolicanet.net\/wp-cnet\/cnbb-oferece-educacao-integral-e-apoio-psicologico-a-menina-estuprada-pelo-tio-no-espirito-santo\/","title":{"rendered":"CNBB oferece educa\u00e7\u00e3o integral e apoio psicol\u00f3gico \u00e0 menina estuprada pelo tio no Esp\u00edrito Santo"},"content":{"rendered":"<p style=\"text-align: justify;\">O arcebispo de Belo Horizonte (MG) e presidente da Confer\u00eancia Nacional dos Bispos do Brasil (CNBB), dom Walmor Oliveira de Azevedo, enviou um of\u00edcio \u00e0\u00a0 Promotoria da Inf\u00e2ncia de S\u00e3o Mateus (ES) colocando a Igreja Cat\u00f3lica no Brasil \u00e0 disposi\u00e7\u00e3o da menina de 10 anos que teve a gravidez de cinco meses interrompida, dia 17 de agosto, com autoriza\u00e7\u00e3o judicial. A gravidez foi fruto de estupro do tio da crian\u00e7a, segundo a Pol\u00edcia Civil do Espirito Santo.<\/p>\n<p style=\"text-align: justify;\">\u201cA Igreja se coloca \u00e0 disposi\u00e7\u00e3o da crian\u00e7a e de sua fam\u00edlia, com a media\u00e7\u00e3o e orienta\u00e7\u00e3o da Promotoria da Inf\u00e2ncia e da Juventude\u201d, diz o documento datado de 19 de agosto. No documento, o presidente da CNBB assegura \u00e0 crian\u00e7a acesso \u00e0 rede de ensino da Igreja Cat\u00f3lica no Brasil \u201cpara, graciosamente, oferecer educa\u00e7\u00e3o integral a essa menina, garantindo-lhe preserva\u00e7\u00e3o da identidade, acompanhamento psicopedag\u00f3gico especializado, no horizonte do humanismo crist\u00e3o\u201d.<\/p>\n<p style=\"text-align: justify;\">No of\u00edcio, al\u00e9m de condenar o crime contra a inf\u00e2ncia, que \u201cexp\u00f5e mis\u00e9rias humanas e existenciais, interpela-nos a agir para minimizar a dor dessa crian\u00e7a, covardemente submetida ao mal\u201d, o presidente da CNBB afirma que a Igreja se prontifica a empenhar-se para que \u201cessa crian\u00e7a supere as consequ\u00eancias da viol\u00eancia sofrida e tenha todas as condi\u00e7\u00f5es necess\u00e1rias para construir um futuro digno. Tamb\u00e9m estamos sens\u00edveis \u00e0 situa\u00e7\u00e3o da fam\u00edlia, abertos ao di\u00e1logo com a Promotoria, para auxiliar no que for necess\u00e1rio\u201d, escreveu.<\/p>\n<p style=\"text-align: justify;\">Na ter\u00e7a-feira, a CNBB encaminhou ao bispo da diocese de S\u00e3o Mateus (ES), dom Paulo Bosi Dal\u2019B\u00f3, o of\u00edcio com a proposta de educa\u00e7\u00e3o e acompanhamento psicol\u00f3gico para a garota, a ser entregue ao Minist\u00e9rio P\u00fablico do Esp\u00edrito Santo. No mesmo dia, o documento foi protocolado na Promotoria de Justi\u00e7a da Inf\u00e2ncia e da Juventude da Comarca de S\u00e3o Mateus (ES).<\/p>\n<div style=\"text-align: justify;\">A oferta da CNBB vale para qualquer estado brasileiro, pois h\u00e1 v\u00e1rios col\u00e9gios cat\u00f3licos ligados \u00e0 entidade espalhados pelo pa\u00eds, caso a fam\u00edlia da garota decida pela mudan\u00e7a do Esp\u00edrito Santo. Em qualquer localidade, todos os benef\u00edcios ser\u00e3o oferecidos de forma integral e gratuita, assegurou o presidente da CNBB.<\/div>\n","protected":false},"excerpt":{"rendered":"<p>O arcebispo de Belo Horizonte (MG) e presidente da Confer\u00eancia Nacional dos Bispos do Brasil (CNBB), dom Walmor Oliveira de Azevedo, enviou um of\u00edcio \u00e0\u00a0 Promotoria da Inf\u00e2ncia de S\u00e3o Mateus (ES) colocando a Igreja Cat\u00f3lica no Brasil \u00e0 disposi\u00e7\u00e3o da menina de 10 anos que teve a gravidez de cinco meses interrompida, dia 17 [&hellip;]<\/p>\n","protected":false},"author":1,"featured_media":61759,"comment_status":"open","ping_status":"closed","sticky":false,"template":"","format":"standard","meta":{"footnotes":""},"categories":[7,13],"tags":[],"class_list":["post-61758","post","type-post","status-publish","format-standard","has-post-thumbnail","hentry","category-cnbb","category-featured"],"_links":{"self":[{"href":"https:\/\/catolicanet.net\/wp-cnet\/wp-json\/wp\/v2\/posts\/61758","targetHints":{"allow":["GET"]}}],"collection":[{"href":"https:\/\/catolicanet.net\/wp-cnet\/wp-json\/wp\/v2\/posts"}],"about":[{"href":"https:\/\/catolicanet.net\/wp-cnet\/wp-json\/wp\/v2\/types\/post"}],"author":[{"embeddable":true,"href":"https:\/\/catolicanet.net\/wp-cnet\/wp-json\/wp\/v2\/users\/1"}],"replies":[{"embeddable":true,"href":"https:\/\/catolicanet.net\/wp-cnet\/wp-json\/wp\/v2\/comments?post=61758"}],"version-history":[{"count":1,"href":"https:\/\/catolicanet.net\/wp-cnet\/wp-json\/wp\/v2\/posts\/61758\/revisions"}],"predecessor-version":[{"id":61760,"href":"https:\/\/catolicanet.net\/wp-cnet\/wp-json\/wp\/v2\/posts\/61758\/revisions\/61760"}],"wp:featuredmedia":[{"embeddable":true,"href":"https:\/\/catolicanet.net\/wp-cnet\/wp-json\/wp\/v2\/media\/61759"}],"wp:attachment":[{"href":"https:\/\/catolicanet.net\/wp-cnet\/wp-json\/wp\/v2\/media?parent=61758"}],"wp:term":[{"taxonomy":"category","embeddable":true,"href":"https:\/\/catolicanet.net\/wp-cnet\/wp-json\/wp\/v2\/categories?post=61758"},{"taxonomy":"post_tag","embeddable":true,"href":"https:\/\/catolicanet.net\/wp-cnet\/wp-json\/wp\/v2\/tags?post=61758"}],"curies":[{"name":"wp","href":"https:\/\/api.w.org\/{rel}","templated":true}]}}