{"id":61752,"date":"2020-08-25T08:47:24","date_gmt":"2020-08-25T11:47:24","guid":{"rendered":"https:\/\/catolicanet.net\/wp-cnet\/?p=61752"},"modified":"2020-08-25T12:54:53","modified_gmt":"2020-08-25T15:54:53","slug":"jovens-na-pandemia-com-a-forca-da-exortacao-do-papa-cristo-vive","status":"publish","type":"post","link":"https:\/\/catolicanet.net\/wp-cnet\/jovens-na-pandemia-com-a-forca-da-exortacao-do-papa-cristo-vive\/","title":{"rendered":"Jovens na pandemia com a for\u00e7a da Exorta\u00e7\u00e3o do Papa: Cristo vive"},"content":{"rendered":"<div class=\"article__subTitle\" style=\"text-align: justify;\">Na Exorta\u00e7\u00e3o Apost\u00f3lica dirigida aos jovens, o Papa Francisco prop\u00f5e tr\u00eas verdades: Deus ama-te, Cristo salva-te e Cristo vive. Porque o Senhor quer-nos vivos para nos dar for\u00e7a e esperan\u00e7a.<\/div>\n<div class=\"title__separator\" style=\"text-align: justify;\"><\/div>\n<div class=\"article__text\">\n<p style=\"text-align: justify;\"><b>Rui Saraiva &#8211; Porto<\/b><\/p>\n<p style=\"text-align: justify;\">No Dia Mundial da Juventude deste ano de 2020, Domingo de Ramos, o Papa Francisco dirigiu-se aos jovens recordando que, devido \u00e0 pandemia, o momento da passagem dos s\u00edmbolos da JMJ do Panam\u00e1 para Portugal seria adiado para novembro pr\u00f3ximo. Na ocasi\u00e3o, pediu aos jovens para testemunharem \u201ca esperan\u00e7a, a generosidade e a solidariedade neste tempo dif\u00edcil\u201d.<\/p>\n<div style=\"text-align: justify;\">\n<div class=\"article__embed article__embed--unwrap article__embed--dark\">\n<div class=\"article__innerTitle\">Ou\u00e7a e compartilhe!<\/div>\n<div>\n<!--[if lt IE 9]><script>document.createElement('audio');<\/script><![endif]-->\n<audio class=\"wp-audio-shortcode\" id=\"audio-61752-1\" preload=\"none\" style=\"width: 100%;\" controls=\"controls\"><source type=\"audio\/mpeg\" src=\"https:\/\/media.vaticannews.va\/media\/audio\/s1\/2020\/08\/25\/10\/135694889_F135694889.mp3?_=1\" \/><a href=\"https:\/\/media.vaticannews.va\/media\/audio\/s1\/2020\/08\/25\/10\/135694889_F135694889.mp3\">https:\/\/media.vaticannews.va\/media\/audio\/s1\/2020\/08\/25\/10\/135694889_F135694889.mp3<\/a><\/audio>\n<\/div>\n<\/div>\n<\/div>\n<p style=\"text-align: justify;\">Neste tempo de pandemia, a Exorta\u00e7\u00e3o Apost\u00f3lica do Papa Francisco \u201cCristo Vive\u201d \u00e9 forte inspira\u00e7\u00e3o para a viv\u00eancia e a atua\u00e7\u00e3o dos jovens. Tal como disse o Santo Padre no Domingo de P\u00e1scoa de 2019, na Mensagem e Ben\u00e7\u00e3o Urbi et Orbi, afirmando que a manh\u00e3 de P\u00e1scoa \u00e9 \u201cjuventude perene da Igreja e da inteira humanidade\u201d e recordou as \u201cpalavras iniciais da sua Exorta\u00e7\u00e3o Apost\u00f3lica dedicada aos jovens:<\/p>\n<p style=\"text-align: justify;\">\u201cCristo Vive: \u00e9 Ele a nossa esperan\u00e7a e a mais bela juventude deste mundo! Tudo o que toca torna-se jovem, fica novo, enche-se de vida. Por isso, as primeiras palavras, que quero dirigir a cada jovem e a cada crist\u00e3o, s\u00e3o estas: Ele vive e quer-te vivo! Ele est\u00e1 em ti, est\u00e1 contigo e jamais te deixa. Por mais que te possas afastar, junto de ti est\u00e1 o Ressuscitado, que te chama e espera por ti para recome\u00e7ar. Quando te sentires envelhecido pela tristeza, os rancores, os medos, as d\u00favidas ou os fracassos, Jesus estar\u00e1 a teu lado para te devolver a for\u00e7a e a esperan\u00e7a.\u201d (<i>Christus vivit<\/i>, 1-2).<\/p>\n<p style=\"text-align: justify;\">No tempo de pandemia que estamos a viver, os jovens est\u00e3o a enfrentar novos desafios e dificuldades e novas formas de rela\u00e7\u00e3o e de solidariedade.<\/p>\n<p style=\"text-align: justify;\">Na Exorta\u00e7\u00e3o Apost\u00f3lica \u201cCristo Vive\u201d, o Papa apresenta Cristo, o grande an\u00fancio para todos os jovens. No seu texto afirma tr\u00eas verdades \u201cque todos n\u00f3s precisamos de escutar sempre de novo\u201d. Diz Francisco: Deus ama-te, Cristo salva-te e Cristo vive.<\/p>\n<h2 style=\"text-align: justify;\">Um Deus que \u00e9 amor<\/h2>\n<p style=\"text-align: justify;\">A primeira verdade apresentada pelo Santo Padre \u00e9 que Deus nos ama, pois Deus \u00e9 amor. \u201cEm toda e qualquer circunst\u00e2ncia, \u00e9s infinitamente amado\u201d \u2013 escreve Francisco.<\/p>\n<p style=\"text-align: justify;\">Mesmo que a experi\u00eancia de paternidade de um jovem n\u00e3o tenha sido a melhor, uma coisa \u00e9 certa para o Papa: \u201c\u2026 podes lan\u00e7ar-te, com seguran\u00e7a, nos bra\u00e7os do teu Pai divino, do Deus que te deu a vida e continua a d\u00e1-la a cada momento\u201d. Francisco recorda v\u00e1rias passagens b\u00edblicas com express\u00f5es do amor de Deus:<\/p>\n<p style=\"text-align: justify;\">\u00ab<i>Segurava-os com la\u00e7os humanos, com la\u00e7os de amor, fui para eles como os que levantam uma criancinha contra o seu rosto<\/i>\u00bb (<i>Os<\/i>\u00a011, 4).<\/p>\n<p style=\"text-align: justify;\">\u00ab<i>Acaso pode uma mulher esquecer-se do seu beb\u00e9, n\u00e3o ter carinho pelo fruto das suas entranhas? Ainda que ela se esquecesse dele, Eu nunca te esqueceria<\/i>\u00bb (<i>Is<\/i>\u00a049, 15).<\/p>\n<p style=\"text-align: justify;\">\u00ab<i>Ainda que os montes sejam abalados e tremam as colinas, o meu amor por ti nunca mais ser\u00e1 abalado, e a minha alian\u00e7a de paz nunca mais vacilar\u00e1<\/i>\u00bb (<i>Is<\/i>\u00a054, 10).<\/p>\n<p style=\"text-align: justify;\">\u00ab<i>Amei-te com um amor eterno. Por isso, dilatei a miseric\u00f3rdia para contigo<\/i>\u00bb (<i>Jr<\/i>\u00a031, 3).<\/p>\n<p style=\"text-align: justify;\">Para Deus \u201c\u00e9s realmente valioso\u201d \u2013 escreve o Papa dirigindo-se a cada jovem e pede: \u201cProcura ficar um momento em sil\u00eancio, deixando-te amar por Ele\u201d.<\/p>\n<p style=\"text-align: justify;\">Deus tem um amor que n\u00e3o \u201cesmaga\u201d, n\u00e3o \u201cmarginaliza\u201d, \u201cnem silencia\u201d. \u201cN\u00e3o humilha\u201d, \u201cnem subjuga\u201d \u2013 escreve o Papa sublinhando que o amor de Deus \u00e9 \u201cfeito de liberdade e para a liberdade\u201d, um amor que \u00e9 \u201cmais de levantamentos que de quedas, mais de reconcilia\u00e7\u00e3o que de proibi\u00e7\u00f5es, mais de dar nova oportunidade que de condenar, mais de futuro que de passado\u201d.<\/p>\n<h2 style=\"text-align: justify;\">Cristo salva-te<\/h2>\n<p style=\"text-align: justify;\">A segunda verdade apresentada pelo Papa \u00e9 que \u201cCristo entregou-Se at\u00e9 ao fim para te salvar\u201d \u2013 diz Francisco dirigindo-se pessoalmente a cada jovem.<\/p>\n<p style=\"text-align: justify;\">Com os seus \u201cbra\u00e7os abertos na cruz\u201d Jesus leva \u201cat\u00e9 ao extremo o seu amor\u201d por cada um de n\u00f3s. \u201cS\u00e3o Paulo dizia viver confiado naquele amor que, por ele, se deu totalmente: \u00ab<i>A vida que agora tenho na carne, vivo-a na f\u00e9 do Filho de Deus que me amou e a Si mesmo Se entregou por mim<\/i>\u00bb (<i>Gal<\/i>\u00a02, 20).\u201d<\/p>\n<p style=\"text-align: justify;\">Jesus abra\u00e7a-nos para nos salvar \u201cdo pecado, da tristeza, do vazio interior, do isolamento\u201d. \u201cNunca esque\u00e7as que \u00abEle perdoa setenta vezes sete\u201d \u2013 recorda o Papa sublinhando que Jesus nos permite \u201clevantar a cabe\u00e7a e recome\u00e7ar\u201d.<\/p>\n<p style=\"text-align: justify;\">\u201cAbra\u00e7ou o filho pr\u00f3digo, abra\u00e7ou Pedro depois de O ter negado e abra\u00e7a-nos sempre\u201d \u2013 escreve Francisco propondo caminho a cada jovem: \u201cFixa os bra\u00e7os abertos de Cristo crucificado, deixa-te salvar sempre de novo. E quando te aproximares para confessar os teus pecados, cr\u00ea firmemente na sua miseric\u00f3rdia que te liberta de toda a culpa. Contempla o seu sangue derramado pelo grande amor que te tem e deixa-te purificar por ele. Assim, poder\u00e1s renascer sempre de novo\u201d \u2013 declara o Santo Padre.<\/p>\n<h2 style=\"text-align: justify;\">Ele vive!<\/h2>\n<p style=\"text-align: justify;\">Existe ainda uma terceira verdade, segundo o Papa: \u201cEle vive!\u201d Cristo vive. \u201c\u00c9 preciso record\u00e1-lo com frequ\u00eancia, porque corremos o risco de tomar Jesus Cristo apenas como um bom exemplo do passado, como uma recorda\u00e7\u00e3o, como Algu\u00e9m que nos salvou h\u00e1 dois mil anos\u201d \u2013 escreve o Santo Padre.<\/p>\n<p style=\"text-align: justify;\">\u201cSe Ele vive, isso \u00e9 uma garantia de que o bem pode triunfar na nossa vida e de que as nossas fadigas servir\u00e3o para qualquer coisa. Ent\u00e3o podemos deixar de nos lamentar e podemos olhar em frente, porque com Ele \u00e9 poss\u00edvel sempre olhar em frente. Esta \u00e9 a certeza que temos: Jesus \u00e9 o vivente eterno; agarrados a Ele, viveremos e atravessaremos, ilesos, todas as formas de morte e viol\u00eancia que se escondem no caminho\u201d \u2013 afirma Francisco.<\/p>\n<p style=\"text-align: justify;\">O Papa exorta os jovens a viverem em intimidade com Jesus e declara que se cada um come\u00e7ar \u201ca conversar com Cristo vivo sobre as coisas concretas\u201d da vida, \u201cesta ser\u00e1 a grande experi\u00eancia, ser\u00e1 a experi\u00eancia fundamental que sustentar\u00e1\u201d a vida crist\u00e3 de cada pessoa.<\/p>\n<p style=\"text-align: justify;\">Em tempo de pandemia ganha especial import\u00e2ncia a for\u00e7a inspiradora das palavras do Papa que convida os jovens a deixarem-se seduzir por Cristo: \u201cPor mais que te possas afastar, junto de ti est\u00e1 o Ressuscitado, que te chama e espera por ti para recome\u00e7ar\u201d \u2013 diz Francisco.<\/p>\n<p style=\"text-align: justify;\">Um recome\u00e7o e uma retoma que nas dificuldades atuais devem ser um especial testemunho de esperan\u00e7a, de generosidade e de solidariedade.<\/p>\n<p style=\"text-align: justify;\"><i>Laudetur Iesus Christus<\/i><\/p>\n<\/div>\n","protected":false},"excerpt":{"rendered":"<p>Na Exorta\u00e7\u00e3o Apost\u00f3lica dirigida aos jovens, o Papa Francisco prop\u00f5e tr\u00eas verdades: Deus ama-te, Cristo salva-te e Cristo vive. Porque o Senhor quer-nos vivos para nos dar for\u00e7a e esperan\u00e7a. Rui Saraiva &#8211; Porto No Dia Mundial da Juventude deste ano de 2020, Domingo de Ramos, o Papa Francisco dirigiu-se aos jovens recordando que, devido [&hellip;]<\/p>\n","protected":false},"author":1,"featured_media":61753,"comment_status":"open","ping_status":"closed","sticky":false,"template":"","format":"standard","meta":{"footnotes":""},"categories":[13,3],"tags":[],"class_list":["post-61752","post","type-post","status-publish","format-standard","has-post-thumbnail","hentry","category-featured","category-vaticano"],"_links":{"self":[{"href":"https:\/\/catolicanet.net\/wp-cnet\/wp-json\/wp\/v2\/posts\/61752","targetHints":{"allow":["GET"]}}],"collection":[{"href":"https:\/\/catolicanet.net\/wp-cnet\/wp-json\/wp\/v2\/posts"}],"about":[{"href":"https:\/\/catolicanet.net\/wp-cnet\/wp-json\/wp\/v2\/types\/post"}],"author":[{"embeddable":true,"href":"https:\/\/catolicanet.net\/wp-cnet\/wp-json\/wp\/v2\/users\/1"}],"replies":[{"embeddable":true,"href":"https:\/\/catolicanet.net\/wp-cnet\/wp-json\/wp\/v2\/comments?post=61752"}],"version-history":[{"count":1,"href":"https:\/\/catolicanet.net\/wp-cnet\/wp-json\/wp\/v2\/posts\/61752\/revisions"}],"predecessor-version":[{"id":61754,"href":"https:\/\/catolicanet.net\/wp-cnet\/wp-json\/wp\/v2\/posts\/61752\/revisions\/61754"}],"wp:featuredmedia":[{"embeddable":true,"href":"https:\/\/catolicanet.net\/wp-cnet\/wp-json\/wp\/v2\/media\/61753"}],"wp:attachment":[{"href":"https:\/\/catolicanet.net\/wp-cnet\/wp-json\/wp\/v2\/media?parent=61752"}],"wp:term":[{"taxonomy":"category","embeddable":true,"href":"https:\/\/catolicanet.net\/wp-cnet\/wp-json\/wp\/v2\/categories?post=61752"},{"taxonomy":"post_tag","embeddable":true,"href":"https:\/\/catolicanet.net\/wp-cnet\/wp-json\/wp\/v2\/tags?post=61752"}],"curies":[{"name":"wp","href":"https:\/\/api.w.org\/{rel}","templated":true}]}}