{"id":6171,"date":"2015-07-30T13:35:30","date_gmt":"2015-07-30T16:35:30","guid":{"rendered":"http:\/\/catolicanet.net\/wp-cnet\/nossa-senhora-aparecida-quem-e\/"},"modified":"2017-04-10T14:55:53","modified_gmt":"2017-04-10T17:55:53","slug":"nossa-senhora-aparecida-quem-e","status":"publish","type":"post","link":"https:\/\/catolicanet.net\/wp-cnet\/nossa-senhora-aparecida-quem-e\/","title":{"rendered":"Nossa Senhora Aparecida. Quem \u00e9?"},"content":{"rendered":"<p style=\"text-align: justify;\">\n<p>Infelizmente, muita gente simples n\u00e3o conhece bem a hist\u00f3ria&#8230; <\/p>\n<p>Santa Maria, a m\u00e3e de Jesus, \u00e9 muito conhecida no Brasil sob o t\u00edtulo de \u201cNossa Senhora Aparecida\u201d. Vamos entender esta designa\u00e7\u00e3o Mariana. \u201cNossa Senhora\u201d, porque a virgem Maria \u00e9 piedosamente aclamada de correndentora, ao lado do redentor, Jesus Cristo, \u201cnosso Senhor\u201d. A palavra \u201cAparecida\u201d n\u00e3o \u00e9 nome pr\u00f3prio; trata-se do partic\u00edpio passado do verbo \u201caparecer\u201d, uma vez que no long\u00ednquo ano de 1717, durante uma famosa pesca no Rio Para\u00edba, \u201capareceu\u201d na rede uma estatueta de Maria sant\u00edssima.<\/p>\n<p>Nossa Senhora Aparecida, ou simplesmente Maria \u00e9 uma leiga; nasceu h\u00e1 uns 2 mil anos. Ela \u00e9 a \u00fanica pessoa, salvo Jesus, que n\u00e3o foi atingida pelo pecado original (dogma da imaculada Concei\u00e7\u00e3o). Por conseguinte, \u00e9 poss\u00edvel que nossa Senhora Aparecida jamais tenha passado pela morte (dormi\u00e7\u00e3o de Maria).<\/p>\n<p>A padroeira do Brasil, nossa Senhora Aparecida, se encontra no para\u00edso, com certeza de corpo e alma (dogma da assun\u00e7\u00e3o), donde medeia todas as gra\u00e7as. Abaixo de Deus (Sant\u00edssima Trindade) e acima das criaturas inteligentes (seres humanos e anjos), contemplamos essa mulher maravilhosa. Com efeito, o papa Francisco, discorrendo sobre as fun\u00e7\u00f5es na Igreja, afirmou que \u201cuma mulher, Maria, \u00e9 mais importante do que os bispos\u201d(\u201cEvangelii Gaudium\u201d, 104).<\/p>\n<p>A leiga nossa Senhora Aparecida, genitora do Filho de Deus, venerada como \u201cm\u00e3e pur\u00edssima\u201d e \u201cm\u00e3e cast\u00edssima\u201d, em algumas prov\u00e1veis apari\u00e7\u00f5es (n\u00e3o se cuida de domgma de f\u00e9) , sobretudo em Lourdes e em F\u00e1tima, comunica s\u00f3 a doutrina do evangelho.<\/p>\n<p style=\"text-align: justify;\">Fonte: Zenit<\/p>\n<p>Que nossa Senhora Aparecida, a m\u00e3e de Deus, rogue por n\u00f3s!<\/p>\n","protected":false},"excerpt":{"rendered":"<p>Infelizmente, muita gente simples n\u00e3o conhece bem a hist\u00f3ria&#8230; Santa Maria, a m\u00e3e de Jesus, \u00e9 muito conhecida no Brasil sob o t\u00edtulo de \u201cNossa Senhora Aparecida\u201d. Vamos entender esta designa\u00e7\u00e3o Mariana. \u201cNossa Senhora\u201d, porque a virgem Maria \u00e9 piedosamente aclamada de correndentora, ao lado do redentor, Jesus Cristo, \u201cnosso Senhor\u201d. A palavra \u201cAparecida\u201d n\u00e3o [&hellip;]<\/p>\n","protected":false},"author":1,"featured_media":0,"comment_status":"closed","ping_status":"closed","sticky":false,"template":"","format":"standard","meta":{"footnotes":""},"categories":[4],"tags":[],"class_list":["post-6171","post","type-post","status-publish","format-standard","hentry","category-cotidiano"],"_links":{"self":[{"href":"https:\/\/catolicanet.net\/wp-cnet\/wp-json\/wp\/v2\/posts\/6171","targetHints":{"allow":["GET"]}}],"collection":[{"href":"https:\/\/catolicanet.net\/wp-cnet\/wp-json\/wp\/v2\/posts"}],"about":[{"href":"https:\/\/catolicanet.net\/wp-cnet\/wp-json\/wp\/v2\/types\/post"}],"author":[{"embeddable":true,"href":"https:\/\/catolicanet.net\/wp-cnet\/wp-json\/wp\/v2\/users\/1"}],"replies":[{"embeddable":true,"href":"https:\/\/catolicanet.net\/wp-cnet\/wp-json\/wp\/v2\/comments?post=6171"}],"version-history":[{"count":1,"href":"https:\/\/catolicanet.net\/wp-cnet\/wp-json\/wp\/v2\/posts\/6171\/revisions"}],"predecessor-version":[{"id":10935,"href":"https:\/\/catolicanet.net\/wp-cnet\/wp-json\/wp\/v2\/posts\/6171\/revisions\/10935"}],"wp:attachment":[{"href":"https:\/\/catolicanet.net\/wp-cnet\/wp-json\/wp\/v2\/media?parent=6171"}],"wp:term":[{"taxonomy":"category","embeddable":true,"href":"https:\/\/catolicanet.net\/wp-cnet\/wp-json\/wp\/v2\/categories?post=6171"},{"taxonomy":"post_tag","embeddable":true,"href":"https:\/\/catolicanet.net\/wp-cnet\/wp-json\/wp\/v2\/tags?post=6171"}],"curies":[{"name":"wp","href":"https:\/\/api.w.org\/{rel}","templated":true}]}}