{"id":61694,"date":"2020-08-21T14:12:25","date_gmt":"2020-08-21T17:12:25","guid":{"rendered":"https:\/\/catolicanet.net\/wp-cnet\/?p=61694"},"modified":"2020-08-21T14:12:25","modified_gmt":"2020-08-21T17:12:25","slug":"quem-dizem-os-homens-que-eu-sou-e-vos-quem-dizeis-que-eu-sou","status":"publish","type":"post","link":"https:\/\/catolicanet.net\/wp-cnet\/quem-dizem-os-homens-que-eu-sou-e-vos-quem-dizeis-que-eu-sou\/","title":{"rendered":"\u201cQuem dizem os homens que eu sou\u201d? \u201cE v\u00f3s, quem dizeis que eu sou\u201d?"},"content":{"rendered":"<p style=\"text-align: justify;\">Quem \u00e9 Jesus Cristo? O Evangelho da liturgia dominical, Mateus 16,13-20, apresenta duas maneiras diferentes de conhecer Cristo. A primeira forma \u00e9 um conhecimento externo, marcado pela opini\u00e3o corrente. Diante da pergunta de Jesus: \u201cQuem dizem que \u00e9 o Filho do homem\u201d?, os ap\u00f3stolos relatam as opini\u00f5es mais populares que relacionam Jesus com os profetas conhecidos. Ele \u00e9 compreendido dentro da tradi\u00e7\u00e3o prof\u00e9tica.<\/p>\n<p style=\"text-align: justify;\">\u00a0Esta mesma pergunta dirigida aos homens de hoje, encontraria um leque de respostas ainda mais amplo. Praticamente todos os habitantes da terra, independente de religi\u00e3o, tem uma palavra a dizer sobre Jesus Cristo. Talvez uma das respostas mais comuns colocaria Jesus como mais um personagem religioso equiparado a outros j\u00e1 conhecidos. \u00c9 um conhecimento proveniente de ouvir dizer, de estudo, curiosidade, pesquisa. Neste caso a compreens\u00e3o de quem \u00e9 Cristo \u00e9 fruto de um esfor\u00e7o pessoal. Um conhecimento que n\u00e3o gera necessariamente f\u00e9 e seguimento.<\/p>\n<p style=\"text-align: justify;\">A segunda maneira de responder requer uma posi\u00e7\u00e3o pessoal, pois a pergunta \u00e9 direta: \u201cE v\u00f3s, quem dizem que eu sou\u201d? Pedro fala em nome do grupo e faz uma solene profiss\u00e3o de f\u00e9: \u201cTu \u00e9s o Messias, o Filho de Deus vivo\u201d. Ao que Jesus responde? \u201cFeliz \u00e9s tu, Sim\u00e3o, filho de Jonas, porque n\u00e3o foi um ser humano que te revelou isso, mas o meu Pais que est\u00e1 no c\u00e9u\u201d. Portanto, aquilo que Pedro sabe a respeito de Jesus n\u00e3o \u00e9 fruto de busca pessoal, mas de revela\u00e7\u00e3o. Isto \u00e9, Deus se d\u00e1 a conhecer, desvenda a sua intimidade e vem ao encontro dos homens convidando-os a participar da vida divina. Um conhecimento onde racionalidade n\u00e3o \u00e9 suficiente, mas requer f\u00e9.<\/p>\n<p style=\"text-align: justify;\">A racionalidade de baseia em dados emp\u00edricos ou hist\u00f3ricos, mas somente a f\u00e9 \u00e9 capaz de apreender o Mist\u00e9rio da Pessoa de Cristo na sua profundidade. A f\u00e9 \u00e9 um dom de Deus e n\u00e3o fruto do esfor\u00e7o humano. A f\u00e9 n\u00e3o se limita a oferecer alguma informa\u00e7\u00e3o sobre a identidade de Cristo, mas sup\u00f5e uma rela\u00e7\u00e3o pessoal com Ele, a ades\u00e3o a sua pessoa, aos seus ensinamentos. Uma ades\u00e3o que requer o uso da intelig\u00eancia, da vontade, dos sentimentos. A pergunta de Jesus: \u201c E v\u00f3s, quem dizeis que Eu sou\u201d?, pede que os disc\u00edpulos tomem uma decis\u00e3o pessoal em rela\u00e7\u00e3o a Ele. F\u00e9 e seguimento de Cristo est\u00e3o intimamente relacionados.<\/p>\n<p style=\"text-align: justify;\">A resposta do crist\u00e3o diante da pergunta de Jesus sobre a sua identidade, n\u00e3o pode ser a resposta da opini\u00e3o corrente. Ao crist\u00e3o Jesus pergunta diretamente: \u201cE tu, quem dizes que eu sou\u201d? A f\u00e9 em Cristo cresce e se consolida, se aprofunda e amadurece na medida em que cresce a intimidade com Ele. Uma rela\u00e7\u00e3o que exige uma renova\u00e7\u00e3o constante conforme vai avan\u00e7ando no seguimento.<\/p>\n<p style=\"text-align: justify;\">Depois da profiss\u00e3o de f\u00e9 de Pedro, Jesus fala da Igreja. A f\u00e9 de Pedro \u00e9 o fundamento da Igreja e tamb\u00e9m o lugar onde o seguidor de Cristo se vincula. A Igreja se torna um sacramento de salva\u00e7\u00e3o para anunciar Jesus Cristo. A Igreja realiza esta miss\u00e3o com os seus vocacionados. Dentro do m\u00eas vocacional celebramos, neste domingo, lembramos a voca\u00e7\u00e3o para os minist\u00e9rios e servi\u00e7os na comunidade exercidos por fi\u00e9is leigos a partir de sua f\u00e9.<\/p>\n<p style=\"text-align: justify;\">Louvamos e bendizemos a Deus por todos os fi\u00e9is que amam a Deus e consequentemente a sua Igreja. Com seus servi\u00e7os auxiliam e apoiam a f\u00e9 dos irm\u00e3os e, ao mesmo tempo, se apoiam neles gerando uma profunda na comunh\u00e3o com a Igreja. O seguimento de Jesus n\u00e3o se faz sozinho.\u00a0 O que Igreja cr\u00ea e professa \u00e9 a refer\u00eancia para a minha f\u00e9.<\/p>\n","protected":false},"excerpt":{"rendered":"<p>Quem \u00e9 Jesus Cristo? O Evangelho da liturgia dominical, Mateus 16,13-20, apresenta duas maneiras diferentes de conhecer Cristo. A primeira forma \u00e9 um conhecimento externo, marcado pela opini\u00e3o corrente. Diante da pergunta de Jesus: \u201cQuem dizem que \u00e9 o Filho do homem\u201d?, os ap\u00f3stolos relatam as opini\u00f5es mais populares que relacionam Jesus com os profetas [&hellip;]<\/p>\n","protected":false},"author":18,"featured_media":55821,"comment_status":"open","ping_status":"closed","sticky":false,"template":"","format":"standard","meta":{"footnotes":""},"categories":[9],"tags":[],"class_list":["post-61694","post","type-post","status-publish","format-standard","has-post-thumbnail","hentry","category-artigos"],"_links":{"self":[{"href":"https:\/\/catolicanet.net\/wp-cnet\/wp-json\/wp\/v2\/posts\/61694","targetHints":{"allow":["GET"]}}],"collection":[{"href":"https:\/\/catolicanet.net\/wp-cnet\/wp-json\/wp\/v2\/posts"}],"about":[{"href":"https:\/\/catolicanet.net\/wp-cnet\/wp-json\/wp\/v2\/types\/post"}],"author":[{"embeddable":true,"href":"https:\/\/catolicanet.net\/wp-cnet\/wp-json\/wp\/v2\/users\/18"}],"replies":[{"embeddable":true,"href":"https:\/\/catolicanet.net\/wp-cnet\/wp-json\/wp\/v2\/comments?post=61694"}],"version-history":[{"count":1,"href":"https:\/\/catolicanet.net\/wp-cnet\/wp-json\/wp\/v2\/posts\/61694\/revisions"}],"predecessor-version":[{"id":61695,"href":"https:\/\/catolicanet.net\/wp-cnet\/wp-json\/wp\/v2\/posts\/61694\/revisions\/61695"}],"wp:featuredmedia":[{"embeddable":true,"href":"https:\/\/catolicanet.net\/wp-cnet\/wp-json\/wp\/v2\/media\/55821"}],"wp:attachment":[{"href":"https:\/\/catolicanet.net\/wp-cnet\/wp-json\/wp\/v2\/media?parent=61694"}],"wp:term":[{"taxonomy":"category","embeddable":true,"href":"https:\/\/catolicanet.net\/wp-cnet\/wp-json\/wp\/v2\/categories?post=61694"},{"taxonomy":"post_tag","embeddable":true,"href":"https:\/\/catolicanet.net\/wp-cnet\/wp-json\/wp\/v2\/tags?post=61694"}],"curies":[{"name":"wp","href":"https:\/\/api.w.org\/{rel}","templated":true}]}}