{"id":6169,"date":"2023-07-30T00:00:24","date_gmt":"2023-07-30T03:00:24","guid":{"rendered":"http:\/\/catolicanet.net\/wp-cnet\/sao-pedro-crisologo\/"},"modified":"2023-01-02T17:06:43","modified_gmt":"2023-01-02T20:06:43","slug":"sao-pedro-crisologo","status":"publish","type":"post","link":"https:\/\/catolicanet.net\/wp-cnet\/sao-pedro-crisologo\/","title":{"rendered":"S\u00e3o Pedro Cris\u00f3logo"},"content":{"rendered":"<p style=\"text-align: justify;\">As palavras escritas de Pedro Cris\u00f3logo ecoaram com a for\u00e7a da doutrina e da f\u00e9 sendo em um brado que nos apontou o c\u00e9u aqui na terra<\/p>\n<p>\u201cPedro das palavras de ouro\u201d, assim era conhecido o santo que nasceu em \u00cdmola na It\u00e1lia, por volta do ano 380. Seus pais eram crist\u00e3os e desde cedo foi educado em s\u00f3lida doutrina e f\u00e9 cat\u00f3lica, assistido por Corn\u00e9lio, bispo de \u00cdmola, que o batizou e ordenou di\u00e1cono. O acompanhou tamb\u00e9m em sua caminhada a imperatriz romana Galla Pl\u00e1cida que fez de Pedro seu conselheiro e em 424 influenciou seu filho, o imperador Valentiniano III, a sagr\u00e1-lo Arquidi\u00e1cono da cidade de Ravena.<\/p>\n<p>Pedro desempenhou com zelo e fervor sua fun\u00e7\u00e3o eclesi\u00e1stica que no ano de 433, foi indicado pelo imperador para ser consagrado bispo da diocese de Ravena. Assim aconteceu e o pr\u00f3prio Papa Xisto III consagrou Pedro. Conhecido como o \u201cdoutor das homilias\u201d, Pedro escreveu cento e setenta e seis homilias explicando e aprofundando assuntos da doutrina cat\u00f3lica, dogmas e catequeses, combatendo heresias e empreendendo com isso grande jornada de convers\u00f5es e resgate de almas para a Igreja. A partir da\u00ed recebeu o nome de Chrysologus que quer dizer palavras de ouro, ficando conhecido como Pedro Cris\u00f3logo. Escreveu ainda uma s\u00e9rie de homilias dedicada a S\u00e3o Jo\u00e3o Batista e \u00e0 Virgem Maria.<\/p>\n<p>Pedro teve determinante participa\u00e7\u00e3o nos conc\u00edlios de \u00c9feso e Calced\u00f4nia, nos quais combateu fortemente e venceu a heresia Monofisita de Eutiques. Este ainda teria recorrido a Pedro por conta de sua condena\u00e7\u00e3o e em carta Pedro o advertiu severamente a abandonar a heresia e obedecer ao bispo de Roma.<\/p>\n<p>Pedro Cris\u00f3logo faleceu em \u00cdmola por volta do ano 450. Alguns historiadores apresentam datas diferentes para sua morte sendo a mais prov\u00e1vel o dia 31 de julho. Em 1729 foi declarado Doutor da Igreja e em 1969 ap\u00f3s o Conc\u00edlio Vaticano II sua festa lit\u00fargica foi fixada em 30 de julho.<\/p>\n<p style=\"text-align: justify;\">S\u00e3o Pedro Cris\u00f3logo, rogai por n\u00f3s!<\/p>\n<p style=\"text-align: justify;\">Fonte: Zenit<\/p>\n","protected":false},"excerpt":{"rendered":"<p>As palavras escritas de Pedro Cris\u00f3logo ecoaram com a for\u00e7a da doutrina e da f\u00e9 sendo em um brado que nos apontou o c\u00e9u aqui na terra \u201cPedro das palavras de ouro\u201d, assim era conhecido o santo que nasceu em \u00cdmola na It\u00e1lia, por volta do ano 380. Seus pais eram crist\u00e3os e desde cedo [&hellip;]<\/p>\n","protected":false},"author":1,"featured_media":22521,"comment_status":"closed","ping_status":"closed","sticky":false,"template":"","format":"standard","meta":{"footnotes":""},"categories":[32],"tags":[],"class_list":["post-6169","post","type-post","status-publish","format-standard","has-post-thumbnail","hentry","category-santo-do-dia"],"_links":{"self":[{"href":"https:\/\/catolicanet.net\/wp-cnet\/wp-json\/wp\/v2\/posts\/6169","targetHints":{"allow":["GET"]}}],"collection":[{"href":"https:\/\/catolicanet.net\/wp-cnet\/wp-json\/wp\/v2\/posts"}],"about":[{"href":"https:\/\/catolicanet.net\/wp-cnet\/wp-json\/wp\/v2\/types\/post"}],"author":[{"embeddable":true,"href":"https:\/\/catolicanet.net\/wp-cnet\/wp-json\/wp\/v2\/users\/1"}],"replies":[{"embeddable":true,"href":"https:\/\/catolicanet.net\/wp-cnet\/wp-json\/wp\/v2\/comments?post=6169"}],"version-history":[{"count":3,"href":"https:\/\/catolicanet.net\/wp-cnet\/wp-json\/wp\/v2\/posts\/6169\/revisions"}],"predecessor-version":[{"id":22523,"href":"https:\/\/catolicanet.net\/wp-cnet\/wp-json\/wp\/v2\/posts\/6169\/revisions\/22523"}],"wp:featuredmedia":[{"embeddable":true,"href":"https:\/\/catolicanet.net\/wp-cnet\/wp-json\/wp\/v2\/media\/22521"}],"wp:attachment":[{"href":"https:\/\/catolicanet.net\/wp-cnet\/wp-json\/wp\/v2\/media?parent=6169"}],"wp:term":[{"taxonomy":"category","embeddable":true,"href":"https:\/\/catolicanet.net\/wp-cnet\/wp-json\/wp\/v2\/categories?post=6169"},{"taxonomy":"post_tag","embeddable":true,"href":"https:\/\/catolicanet.net\/wp-cnet\/wp-json\/wp\/v2\/tags?post=6169"}],"curies":[{"name":"wp","href":"https:\/\/api.w.org\/{rel}","templated":true}]}}