{"id":61685,"date":"2020-08-21T09:06:16","date_gmt":"2020-08-21T12:06:16","guid":{"rendered":"https:\/\/catolicanet.net\/wp-cnet\/?p=61685"},"modified":"2020-08-21T14:07:30","modified_gmt":"2020-08-21T17:07:30","slug":"o-que-e-vida-consagrada","status":"publish","type":"post","link":"https:\/\/catolicanet.net\/wp-cnet\/o-que-e-vida-consagrada\/","title":{"rendered":"O que \u00e9 vida consagrada?"},"content":{"rendered":"<h2 class=\"subtitle\" style=\"text-align: justify;\">O consagrado \u00e9 algu\u00e9m que abdicou de sua vida, de sua vontade pr\u00f3pria, para entregar-se totalmente a Deus<\/h2>\n<div class=\"base-post-content\">\n<hgroup class=\"content-header\"><\/hgroup>\n<div class=\"entry-meta\" style=\"text-align: justify;\">\n<div class=\"date-posts\"><\/div>\n<\/div>\n<div id=\"content-post\" class=\"container-content\">\n<article id=\"post-20033\" class=\"post-20033 post type-post status-publish format-standard has-post-thumbnail hentry category-sem-categoria tag-celibato tag-clausura tag-freiras tag-monges tag-monjas tag-sacerdotes tag-vida-consagrada tag-vida-religiosa tag-vocacao\">\n<div class=\"entry-content\">\n<blockquote><p><em>\u201cVeio o Senhor p\u00f4s-se junto dele e chamou-o como das outras vezes: Samuel! Samuel! Falai, respondeu o menino; vosso servo escuta!\u201d (1 Samuel 3,10).<\/em><\/p><\/blockquote>\n<p style=\"text-align: justify;\">A Igreja viu nesta passagem b\u00edblica, em que Deus chama por tr\u00eas vezes o menino Samuel, e faz dele um profeta, a imagem do chamado de uma pessoa \u00e0 vida consagrada. Aquele que deve servir a Deus radicalmente, apartado do meio do povo, sem viver uma profiss\u00e3o secular, mas inteiro dedicado ao Reino de Deus. \u00c9 Deus mesmo quem chama o consagrado, pondo no cora\u00e7\u00e3o dele esse desejo, e dotando-o de dons adequados, como o celibato, no caso dos sacerdotes, freiras, monges e monjas.<\/p>\n<p style=\"text-align: justify;\">O nosso Catecismo afirma que: \u201cA vida religiosa faz parte do mist\u00e9rio da Igreja. \u00c9 um dom que a Igreja recebe de seu Senhor e que oferece como um estado de vida permanente ao fiel chamado por Deus na profiss\u00e3o dos conselhos\u201d (n.926).<\/p>\n<p style=\"text-align: justify;\">S\u00e3o chamados a viver os conselhos evang\u00e9licos (pobreza, obedi\u00eancia e castidade). A profiss\u00e3o desses conselhos em um estado de vida est\u00e1vel reconhecido pela Igreja caracteriza a \u201cvida consagrada\u201d a Deus (Cat. n.915). Esses s\u00e3o chamados, sob a mo\u00e7\u00e3o do Esp\u00edrito Santo, a seguir a Cristo mais de perto, doar-se a Deus amado acima de tudo e, procurando alcan\u00e7ar a perfei\u00e7\u00e3o da caridade a servi\u00e7o do Reino, anunciando a gl\u00f3ria do mundo futuro.<\/p>\n<p style=\"text-align: justify;\">A vida consagrada acontece desde os prim\u00f3rdios da Igreja. Muitos, por inspira\u00e7\u00e3o do Esp\u00edrito Santo, passaram a vida na solid\u00e3o ou fundaram fam\u00edlias religiosas, que a Igreja, de boa vontade, recebeu e aprovou. Embora nem sempre professem publicamente os tr\u00eas conselhos evang\u00e9licos, os eremitas, vivem o sil\u00eancio da solid\u00e3o, em constante ora\u00e7\u00e3o e penit\u00eancia, consagrando a vida ao louvor de Deus e \u00e0 salva\u00e7\u00e3o do mundo. \u00c9 uma vida de intimidade com Cristo.<\/p>\n<p style=\"text-align: justify;\">Desde os tempos dos Ap\u00f3stolos virgens e vi\u00favas crist\u00e3s tomaram a decis\u00e3o de viver no estado de virgindade ou de castidade perp\u00e9tua \u201cpor causa do Reino dos C\u00e9us\u201d. S\u00e3o aqueles que Jesus disse que se fizeram eunucos por amor do Reino (Mt 19,12).<\/p>\n<p style=\"text-align: justify;\">O \u201cInstituto secular\u201d \u00e9 um instituto de vida consagrada no qual os fi\u00e9is, vivendo no mundo, tendem \u00e0 perfei\u00e7\u00e3o da caridade e procuram cooperar para a santifica\u00e7\u00e3o do mundo.<\/p>\n<p style=\"text-align: justify;\">As \u201cSociedades de vida apost\u00f3lica, cujos membros, sem os votos religiosos, buscam a finalidade apost\u00f3lica pr\u00f3pria de sua sociedade e, levando vida fraterna em comum, segundo o pr\u00f3prio modo de vida, tendem \u00e0 perfei\u00e7\u00e3o da caridade pela observ\u00e2ncia das constitui\u00e7\u00f5es. Entre elas h\u00e1 sociedades cujos membros assumem os conselhos evang\u00e9licos\u201d.<\/p>\n<p style=\"text-align: justify;\">Os que professam os conselhos evang\u00e9licos t\u00eam por miss\u00e3o viver sua consagra\u00e7\u00e3o e se entregar, de maneira especial, \u00e0 a\u00e7\u00e3o mission\u00e1ria no modo pr\u00f3prio de seu instituto.<\/p>\n<p style=\"text-align: justify;\">A vida consagrada \u00e9 um sinal especial do mist\u00e9rio da reden\u00e7\u00e3o; uma vida seguindo e imitando a Cristo mais de perto, manifestando claramente seu aniquilamento, e estando mais presente \u00e0s pessoas. O consagrado \u00e9 algu\u00e9m que d\u00e1 testemunho de que o mundo pode ser transfigurado e oferecido a Deus com o esp\u00edrito das bem-aventuran\u00e7as.<\/p>\n<p style=\"text-align: justify;\">O consagrado a Deus precisa, sobretudo, de viver intensamente uma vida de ora\u00e7\u00e3o, rezando a Liturgia das Horas, participando dos Sacramentos, meditando diariamente a Palavra de Deus e bons livros, vivendo as virtudes opostas aos pecados capitais. Al\u00e9m disso, deve obedi\u00eancia a Igreja e a seus superiores.<\/p>\n<p style=\"text-align: justify;\">O consagrado \u00e9 algu\u00e9m que abdicou de sua vida, de sua vontade pr\u00f3pria, para entregar-se totalmente a Deus. \u00c9 algu\u00e9m que, mais que os leigos, aceitou \u201cperder a vida para ganh\u00e1-la\u201d. Aceitou \u201crenunciar-se a si mesmo e tomar a cruz a cada dia e seguir ao Senhor\u201d (Lc 9,16). N\u00e3o se pode ser \u201cmeio consagrado\u201d; ou se entrega a Deus totalmente, ou ent\u00e3o se cansar\u00e1 de sua op\u00e7\u00e3o. \u00c9 melhor viver como leigo do que ser mal consagrado. Al\u00e9m do que, o contra testemunho de um consagrado pesa muito mais que de um leigo, embora ambos sejam muito negativos.<\/p>\n<\/div>\n<\/article>\n<\/div>\n<\/div>\n","protected":false},"excerpt":{"rendered":"<p>O consagrado \u00e9 algu\u00e9m que abdicou de sua vida, de sua vontade pr\u00f3pria, para entregar-se totalmente a Deus \u201cVeio o Senhor p\u00f4s-se junto dele e chamou-o como das outras vezes: Samuel! Samuel! Falai, respondeu o menino; vosso servo escuta!\u201d (1 Samuel 3,10). A Igreja viu nesta passagem b\u00edblica, em que Deus chama por tr\u00eas vezes [&hellip;]<\/p>\n","protected":false},"author":1,"featured_media":61686,"comment_status":"open","ping_status":"closed","sticky":false,"template":"","format":"standard","meta":{"footnotes":""},"categories":[4],"tags":[],"class_list":["post-61685","post","type-post","status-publish","format-standard","has-post-thumbnail","hentry","category-cotidiano"],"_links":{"self":[{"href":"https:\/\/catolicanet.net\/wp-cnet\/wp-json\/wp\/v2\/posts\/61685","targetHints":{"allow":["GET"]}}],"collection":[{"href":"https:\/\/catolicanet.net\/wp-cnet\/wp-json\/wp\/v2\/posts"}],"about":[{"href":"https:\/\/catolicanet.net\/wp-cnet\/wp-json\/wp\/v2\/types\/post"}],"author":[{"embeddable":true,"href":"https:\/\/catolicanet.net\/wp-cnet\/wp-json\/wp\/v2\/users\/1"}],"replies":[{"embeddable":true,"href":"https:\/\/catolicanet.net\/wp-cnet\/wp-json\/wp\/v2\/comments?post=61685"}],"version-history":[{"count":1,"href":"https:\/\/catolicanet.net\/wp-cnet\/wp-json\/wp\/v2\/posts\/61685\/revisions"}],"predecessor-version":[{"id":61687,"href":"https:\/\/catolicanet.net\/wp-cnet\/wp-json\/wp\/v2\/posts\/61685\/revisions\/61687"}],"wp:featuredmedia":[{"embeddable":true,"href":"https:\/\/catolicanet.net\/wp-cnet\/wp-json\/wp\/v2\/media\/61686"}],"wp:attachment":[{"href":"https:\/\/catolicanet.net\/wp-cnet\/wp-json\/wp\/v2\/media?parent=61685"}],"wp:term":[{"taxonomy":"category","embeddable":true,"href":"https:\/\/catolicanet.net\/wp-cnet\/wp-json\/wp\/v2\/categories?post=61685"},{"taxonomy":"post_tag","embeddable":true,"href":"https:\/\/catolicanet.net\/wp-cnet\/wp-json\/wp\/v2\/tags?post=61685"}],"curies":[{"name":"wp","href":"https:\/\/api.w.org\/{rel}","templated":true}]}}