{"id":6164,"date":"2015-07-29T18:35:50","date_gmt":"2015-07-29T21:35:50","guid":{"rendered":"http:\/\/catolicanet.net\/wp-cnet\/uma-oracao-de-400-anos-em-forma-de-poesia-a-cristo-na-cruz\/"},"modified":"2017-04-10T15:09:31","modified_gmt":"2017-04-10T18:09:31","slug":"uma-oracao-de-400-anos-em-forma-de-poesia-a-cristo-na-cruz","status":"publish","type":"post","link":"https:\/\/catolicanet.net\/wp-cnet\/uma-oracao-de-400-anos-em-forma-de-poesia-a-cristo-na-cruz\/","title":{"rendered":"Uma ora\u00e7\u00e3o de 400 anos em forma de poesia a Cristo na cruz"},"content":{"rendered":"<p style=\"text-align: justify;\"><img decoding=\"async\" src=\"http:\/\/catolicanet.com.br\/images\/stories\/geral\/uma ora.jpg\" border=\"0\" align=\"left\" \/>&#8220;O bem que a tantos bens me convidava, o qual desmereci, v\u00f3s merecestes&#8230;&#8221;\u00a0\u00a0\u00a0 <\/p>\n<p>Cristo na cruz Creative Commons<br \/>Uma poesia para rezar. Ou uma ora\u00e7\u00e3o em forma de poesia&#8230; N\u00e3o importa: o que importa \u00e9 o conte\u00fado de agradecimento a Deus pela reden\u00e7\u00e3o imerecida, escrito pelo sacerdote portugu\u00eas Baltasar Esta\u00e7o no come\u00e7o do s\u00e9culo XVII. Uma ora\u00e7\u00e3o de 400 anos, mas atemporal.<\/p>\n<p>A Cristo na cruz<\/p>\n<p>O bem que a tantos bens me convidava,<br \/>O qual desmereci, v\u00f3s merecestes:<br \/>Que a vida que por meu amor perdestes<br \/>A vida me alcan\u00e7ou que eu desejava.<\/p>\n<p>O mal que a tantos males me obrigava,<br \/>O qual n\u00e3o satisfiz, satisfizestes:<br \/>Que a morte que por meu amor sofrestes,<br \/>Da morte me livrou, que eu receava.<\/p>\n<p>A v\u00f3s, Deus amoroso, a v\u00f3s s\u00f3 amo,<br \/>De v\u00f3s pratico, s\u00f3, de v\u00f3s escrevo,<br \/>Por v\u00f3s a vida dou e a morte quero,<\/p>\n<p>Em v\u00f3s, fogo de amor, em v\u00f3s me inflamo,<br \/>Pois que pago por v\u00f3s o mal que devo<br \/>E mere\u00e7o por v\u00f3s o bem que espero.<\/p>\n<p style=\"text-align: justify;\">Fonte: Aleteia<\/p>\n","protected":false},"excerpt":{"rendered":"<p>&#8220;O bem que a tantos bens me convidava, o qual desmereci, v\u00f3s merecestes&#8230;&#8221;\u00a0\u00a0\u00a0 Cristo na cruz Creative CommonsUma poesia para rezar. Ou uma ora\u00e7\u00e3o em forma de poesia&#8230; N\u00e3o importa: o que importa \u00e9 o conte\u00fado de agradecimento a Deus pela reden\u00e7\u00e3o imerecida, escrito pelo sacerdote portugu\u00eas Baltasar Esta\u00e7o no come\u00e7o do s\u00e9culo XVII. Uma [&hellip;]<\/p>\n","protected":false},"author":1,"featured_media":0,"comment_status":"closed","ping_status":"closed","sticky":false,"template":"","format":"standard","meta":{"footnotes":""},"categories":[4],"tags":[],"class_list":["post-6164","post","type-post","status-publish","format-standard","hentry","category-cotidiano"],"_links":{"self":[{"href":"https:\/\/catolicanet.net\/wp-cnet\/wp-json\/wp\/v2\/posts\/6164","targetHints":{"allow":["GET"]}}],"collection":[{"href":"https:\/\/catolicanet.net\/wp-cnet\/wp-json\/wp\/v2\/posts"}],"about":[{"href":"https:\/\/catolicanet.net\/wp-cnet\/wp-json\/wp\/v2\/types\/post"}],"author":[{"embeddable":true,"href":"https:\/\/catolicanet.net\/wp-cnet\/wp-json\/wp\/v2\/users\/1"}],"replies":[{"embeddable":true,"href":"https:\/\/catolicanet.net\/wp-cnet\/wp-json\/wp\/v2\/comments?post=6164"}],"version-history":[{"count":1,"href":"https:\/\/catolicanet.net\/wp-cnet\/wp-json\/wp\/v2\/posts\/6164\/revisions"}],"predecessor-version":[{"id":10942,"href":"https:\/\/catolicanet.net\/wp-cnet\/wp-json\/wp\/v2\/posts\/6164\/revisions\/10942"}],"wp:attachment":[{"href":"https:\/\/catolicanet.net\/wp-cnet\/wp-json\/wp\/v2\/media?parent=6164"}],"wp:term":[{"taxonomy":"category","embeddable":true,"href":"https:\/\/catolicanet.net\/wp-cnet\/wp-json\/wp\/v2\/categories?post=6164"},{"taxonomy":"post_tag","embeddable":true,"href":"https:\/\/catolicanet.net\/wp-cnet\/wp-json\/wp\/v2\/tags?post=6164"}],"curies":[{"name":"wp","href":"https:\/\/api.w.org\/{rel}","templated":true}]}}