{"id":6163,"date":"2015-07-29T18:17:16","date_gmt":"2015-07-29T21:17:16","guid":{"rendered":"http:\/\/catolicanet.net\/wp-cnet\/china-comunista-enquanto-o-governo-manda-retirar-as-cruzes-os-cristaos-colocam-mais-cruzes-ainda\/"},"modified":"2017-04-10T15:09:50","modified_gmt":"2017-04-10T18:09:50","slug":"china-comunista-enquanto-o-governo-manda-retirar-as-cruzes-os-cristaos-colocam-mais-cruzes-ainda","status":"publish","type":"post","link":"https:\/\/catolicanet.net\/wp-cnet\/china-comunista-enquanto-o-governo-manda-retirar-as-cruzes-os-cristaos-colocam-mais-cruzes-ainda\/","title":{"rendered":"China comunista: enquanto o governo manda retirar as cruzes, os crist\u00e3os colocam mais cruzes ainda"},"content":{"rendered":"<p style=\"text-align: justify;\"><img decoding=\"async\" src=\"http:\/\/catolicanet.com.br\/images\/stories\/geral\/china1.jpg\" border=\"0\" align=\"left\" \/>A pol\u00edcia chinesa n\u00e3o consegue mais combater tantas cruzes crist\u00e3s n\u00e3o autorizadas<\/p>\n<p>A Litu\u00e2nia tem a sua Colina das Cruzes (veja aqui). A China pode agora ter uma Cidade das Cruzes!<\/p>\n<p>Wenzhou tem 3 milh\u00f5es de habitantes e fica na prov\u00edncia de Zhejiang, na China Oriental. \u00c9 uma cidade costeira que serve como lar para uma das maiores comunidades crist\u00e3s da China, com cerca de 300 mil cat\u00f3licos e um milh\u00e3o de protestantes, tanto membros de igrejas sancionadas pelo governo quanto de \u201cassembleias dom\u00e9sticas\u201d clandestinas, que tornam a cidade conhecida como &#8220;Jerusal\u00e9m do Oriente&#8221;.<\/p>\n<p>As autoridades da regi\u00e3o, no entanto, insistem em remover as cruzes &#8220;n\u00e3o autorizadas&#8221; que os crist\u00e3os colocam nas igrejas locais. A \u201ccampanha do mal\u201d para remover as cruzes \u00e9 coordenada pelo Partido Comunista, dizem os ativistas crist\u00e3os. Segundo eles, mais de 1.200 cruzes foram retiradas das igrejas da prov\u00edncia de Zhejiang desde o final de 2013, quando essa ordem foi dada pelo governo. Houve um pico de remo\u00e7\u00f5es nas \u00faltimas semanas.<\/p>\n<p>Diante da repress\u00e3o, um bispo de 89 anos de idade, acompanhado por 20 sacerdotes, foi protestar pessoalmente diante da sede do governo local. A imagem de dom Vincent Zhu Weifang, que caminha com uma bengala e que liderou o protesto no dia 24 de julho, inspirou muitos cat\u00f3licos locais \u00e0 resist\u00eancia, de acordo com fontes consultadas pelo site ucanews.com. V\u00e1rios policiais apareceram no local durante o protesto, que durou duas horas, mas, segundo testemunhas oculares, n\u00e3o tomaram medidas repressivas naquele momento.<\/p>\n<p>Antes desse evento, oito padres de Zhejiang tinham procurado ajuda da Igreja em Pequim para pressionar o governo a interromper a campanha de remo\u00e7\u00e3o de cruzes.<\/p>\n<p>Dom Zhu divulgou uma carta aberta em agosto passado convidando os cat\u00f3licos a defenderem os seus direitos e a sua dignidade em face da repress\u00e3o. Foi a primeira vez que a Igreja cat\u00f3lica levou a causa para as ruas. Os protestantes j\u00e1 tinham se manifestado em ocasi\u00f5es anteriores.<\/p>\n<p>Zhejiang tem uma popula\u00e7\u00e3o cat\u00f3lica de 210.000 pessoas. A maior diocese da prov\u00edncia \u00e9 a de Wenzhou, reduto da comunidade &#8220;n\u00e3o oficial&#8221; da Igreja, composta por cerca de 120.000 membros. A comunidade cat\u00f3lica n\u00e3o reconhecida pelo governo na \u00e1rea de Yongqiang tamb\u00e9m fez um apelo a todas as suas par\u00f3quias para orar e jejuar como forma de protesto n\u00e3o-violento, em defesa do seu direito de celebrar a f\u00e9.<\/p>\n<p>Pregadores protestantes est\u00e3o incentivando as suas congrega\u00e7\u00f5es a fazerem o mesmo, opondo-se pacificamente \u00e0s remo\u00e7\u00f5es e colocando cruzes de madeira em suas casas e carros, relatou o jornal The Guardian. &#8220;Cada vez que eles derrubarem uma cruz, n\u00f3s vamos colocar novas&#8221;, afirmou um l\u00edder crist\u00e3o de Zhejiang ao peri\u00f3dico brit\u00e2nico. &#8220;Estamos at\u00e9 pensando em fazer bandeiras e roupas com estampas em cruz. Faremos a cruz florescer por toda a China!&#8221;.<br \/>A pol\u00eamica pode chamar aten\u00e7\u00e3o internacional, em especial porque Barack Obama dever\u00e1 viajar em breve \u00e0 China e tamb\u00e9m porque o pa\u00eds asi\u00e1tico ter\u00e1 sua elei\u00e7\u00e3o presidencial no ano que vem. Segundo The Guardian, ativistas de todo o mundo j\u00e1 est\u00e3o pedindo que Obama levante a quest\u00e3o junto ao presidente Xi Jinping quando este fizer a sua primeira visita de Estado aos EUA, em setembro.<\/p>\n<p>Marco Rubio, candidato republicano \u00e0 presid\u00eancia dos Estados Unidos, afirmou na \u00faltima semana que &#8220;a liberdade religiosa est\u00e1, sem d\u00favida, sendo atacada na China&#8221;. Essa repress\u00e3o, no entanto, &#8220;teve a consequ\u00eancia n\u00e3o intencional de dar a muitos fi\u00e9is uma vivacidade maior, como fica evidenciado pelo crescimento explosivo do cristianismo na China&#8221;, acrescentou Rubio.<\/p>\n<p style=\"text-align: justify;\">Fonte: Aleteia<\/p>\n","protected":false},"excerpt":{"rendered":"<p>A pol\u00edcia chinesa n\u00e3o consegue mais combater tantas cruzes crist\u00e3s n\u00e3o autorizadas A Litu\u00e2nia tem a sua Colina das Cruzes (veja aqui). A China pode agora ter uma Cidade das Cruzes! Wenzhou tem 3 milh\u00f5es de habitantes e fica na prov\u00edncia de Zhejiang, na China Oriental. \u00c9 uma cidade costeira que serve como lar para [&hellip;]<\/p>\n","protected":false},"author":1,"featured_media":0,"comment_status":"closed","ping_status":"closed","sticky":false,"template":"","format":"standard","meta":{"footnotes":""},"categories":[4],"tags":[],"class_list":["post-6163","post","type-post","status-publish","format-standard","hentry","category-cotidiano"],"_links":{"self":[{"href":"https:\/\/catolicanet.net\/wp-cnet\/wp-json\/wp\/v2\/posts\/6163","targetHints":{"allow":["GET"]}}],"collection":[{"href":"https:\/\/catolicanet.net\/wp-cnet\/wp-json\/wp\/v2\/posts"}],"about":[{"href":"https:\/\/catolicanet.net\/wp-cnet\/wp-json\/wp\/v2\/types\/post"}],"author":[{"embeddable":true,"href":"https:\/\/catolicanet.net\/wp-cnet\/wp-json\/wp\/v2\/users\/1"}],"replies":[{"embeddable":true,"href":"https:\/\/catolicanet.net\/wp-cnet\/wp-json\/wp\/v2\/comments?post=6163"}],"version-history":[{"count":1,"href":"https:\/\/catolicanet.net\/wp-cnet\/wp-json\/wp\/v2\/posts\/6163\/revisions"}],"predecessor-version":[{"id":10943,"href":"https:\/\/catolicanet.net\/wp-cnet\/wp-json\/wp\/v2\/posts\/6163\/revisions\/10943"}],"wp:attachment":[{"href":"https:\/\/catolicanet.net\/wp-cnet\/wp-json\/wp\/v2\/media?parent=6163"}],"wp:term":[{"taxonomy":"category","embeddable":true,"href":"https:\/\/catolicanet.net\/wp-cnet\/wp-json\/wp\/v2\/categories?post=6163"},{"taxonomy":"post_tag","embeddable":true,"href":"https:\/\/catolicanet.net\/wp-cnet\/wp-json\/wp\/v2\/tags?post=6163"}],"curies":[{"name":"wp","href":"https:\/\/api.w.org\/{rel}","templated":true}]}}