{"id":61622,"date":"2020-08-19T09:22:13","date_gmt":"2020-08-19T12:22:13","guid":{"rendered":"https:\/\/catolicanet.net\/wp-cnet\/?p=61622"},"modified":"2020-08-19T11:23:23","modified_gmt":"2020-08-19T14:23:23","slug":"nao-va-para-o-ceu-sozinho","status":"publish","type":"post","link":"https:\/\/catolicanet.net\/wp-cnet\/nao-va-para-o-ceu-sozinho\/","title":{"rendered":"N\u00e3o v\u00e1 para o C\u00e9u sozinho!"},"content":{"rendered":"<h2 class=\"subtitle\" style=\"text-align: justify;\">Atrav\u00e9s da ora\u00e7\u00e3o e do jejum, voc\u00ea pode ajudar seus entes queridos a conquistar o C\u00e9u tamb\u00e9m<\/h2>\n<div class=\"base-post-content\">\u00c0s vezes, pode ser tentador querer o C\u00e9u s\u00f3 para n\u00f3s, n\u00e3o \u00e9 mesmo? Ficamos contentes em progredir no caminho da virtude e aperfei\u00e7oar nossa vida de ora\u00e7\u00e3o de maneira solit\u00e1ria.<\/p>\n<p style=\"text-align: justify;\">\n<p style=\"text-align: justify;\">No entanto, Jesus n\u00e3o queria que f\u00f4ssemos santos isolados de outras pessoas. Jesus exortou seus ap\u00f3stolos: \u201cIde por todo o mundo e proclamai o Evangelho a toda criatura\u201d (Marcos 16,15).<\/p>\n<p style=\"text-align: justify;\">O C\u00e9u foi criado para ser uma grande \u201cfesta\u201d, onde nos reunimos com amigos e familiares queridos, compartilhando as gl\u00f3rias e a felicidade da vis\u00e3o beat\u00edfica. Esta \u00e9 uma das raz\u00f5es pelas quais devemos fazer tudo o que estiver ao nosso alcance para levar outras pessoas conosco na jornada para o C\u00e9u, a fim de compartilharmos juntos a alegria do Para\u00edso.<\/p>\n<p style=\"text-align: justify;\">No seu livro\u00a0<em>My Prayer Book<\/em>\u00a0(\u201cMeu Livro de Ora\u00e7\u00e3o\u201d), o Pe. Francis Xavier Lasance recomenda:<\/p>\n<blockquote><p><em>\u201cN\u00e3o v\u00e1 para o c\u00e9u sozinho! Leve algu\u00e9m com voc\u00ea. M\u00e3es, levem seus filhos com voc\u00eas. Ore enquanto voc\u00ea respirar em seu corpo \u2013 nunca se desespere e nunca desista da esperan\u00e7a de que seus entes queridos, n\u00e3o importa o qu\u00e3o longe seus passos tenham vagado, um dia estar\u00e3o com voc\u00ea diante do Grande Trono Branco.\u201d<\/em><\/p><\/blockquote>\n<p style=\"text-align: justify;\">Mesmo que nossos amigos e familiares nos abandonem por causa de nossa f\u00e9, devemos nos esfor\u00e7ar para \u201clev\u00e1-los para o C\u00e9u\u201d por meio da ora\u00e7\u00e3o e do jejum. Ainda podemos propiciar um efeito em suas vidas no reino espiritual, embora n\u00e3o tenhamos mais contato com eles.<\/p>\n<p style=\"text-align: justify;\">Acima de tudo, n\u00e3o vamos nos contentar em ir sozinhos para o C\u00e9u, mas trazer conosco o maior n\u00famero poss\u00edvel de nossos entes queridos!<\/p>\n<\/div>\n","protected":false},"excerpt":{"rendered":"<p>Atrav\u00e9s da ora\u00e7\u00e3o e do jejum, voc\u00ea pode ajudar seus entes queridos a conquistar o C\u00e9u tamb\u00e9m \u00c0s vezes, pode ser tentador querer o C\u00e9u s\u00f3 para n\u00f3s, n\u00e3o \u00e9 mesmo? Ficamos contentes em progredir no caminho da virtude e aperfei\u00e7oar nossa vida de ora\u00e7\u00e3o de maneira solit\u00e1ria. No entanto, Jesus n\u00e3o queria que f\u00f4ssemos [&hellip;]<\/p>\n","protected":false},"author":1,"featured_media":61623,"comment_status":"open","ping_status":"closed","sticky":false,"template":"","format":"standard","meta":{"footnotes":""},"categories":[4],"tags":[],"class_list":["post-61622","post","type-post","status-publish","format-standard","has-post-thumbnail","hentry","category-cotidiano"],"_links":{"self":[{"href":"https:\/\/catolicanet.net\/wp-cnet\/wp-json\/wp\/v2\/posts\/61622","targetHints":{"allow":["GET"]}}],"collection":[{"href":"https:\/\/catolicanet.net\/wp-cnet\/wp-json\/wp\/v2\/posts"}],"about":[{"href":"https:\/\/catolicanet.net\/wp-cnet\/wp-json\/wp\/v2\/types\/post"}],"author":[{"embeddable":true,"href":"https:\/\/catolicanet.net\/wp-cnet\/wp-json\/wp\/v2\/users\/1"}],"replies":[{"embeddable":true,"href":"https:\/\/catolicanet.net\/wp-cnet\/wp-json\/wp\/v2\/comments?post=61622"}],"version-history":[{"count":1,"href":"https:\/\/catolicanet.net\/wp-cnet\/wp-json\/wp\/v2\/posts\/61622\/revisions"}],"predecessor-version":[{"id":61624,"href":"https:\/\/catolicanet.net\/wp-cnet\/wp-json\/wp\/v2\/posts\/61622\/revisions\/61624"}],"wp:featuredmedia":[{"embeddable":true,"href":"https:\/\/catolicanet.net\/wp-cnet\/wp-json\/wp\/v2\/media\/61623"}],"wp:attachment":[{"href":"https:\/\/catolicanet.net\/wp-cnet\/wp-json\/wp\/v2\/media?parent=61622"}],"wp:term":[{"taxonomy":"category","embeddable":true,"href":"https:\/\/catolicanet.net\/wp-cnet\/wp-json\/wp\/v2\/categories?post=61622"},{"taxonomy":"post_tag","embeddable":true,"href":"https:\/\/catolicanet.net\/wp-cnet\/wp-json\/wp\/v2\/tags?post=61622"}],"curies":[{"name":"wp","href":"https:\/\/api.w.org\/{rel}","templated":true}]}}