{"id":61619,"date":"2020-08-19T09:20:19","date_gmt":"2020-08-19T12:20:19","guid":{"rendered":"https:\/\/catolicanet.net\/wp-cnet\/?p=61619"},"modified":"2020-08-19T11:21:45","modified_gmt":"2020-08-19T14:21:45","slug":"justica-de-angola-manda-fechar-templos-da-igreja-universal-do-reino-de-deus","status":"publish","type":"post","link":"https:\/\/catolicanet.net\/wp-cnet\/justica-de-angola-manda-fechar-templos-da-igreja-universal-do-reino-de-deus\/","title":{"rendered":"Justi\u00e7a de Angola manda fechar templos da Igreja Universal do Reino de Deus"},"content":{"rendered":"<h2 class=\"subtitle\" style=\"text-align: justify;\">A organiza\u00e7\u00e3o multinacional brasileira foi acusada de fraude e outras atividades criminosas no pa\u00eds africano<\/h2>\n<div class=\"base-post-content\" style=\"text-align: justify;\">A Procuradoria-Geral de Angola executou o fechamento, no pa\u00eds, de sete templos da Igreja Universal do Reino de Deus (Iurd), organiza\u00e7\u00e3o multinacional fundada no Brasil pelo empres\u00e1rio Edir Macedo, que se declara bispo. A organiza\u00e7\u00e3o foi acusada de fraude e outras atividades criminosas.<\/p>\n<p style=\"text-align: justify;\">\n<p style=\"text-align: justify;\">Em 2019, a Iurd em Angola foi enfaticamente acusada de sonega\u00e7\u00e3o fiscal e \u201cpr\u00e1ticas contr\u00e1rias \u00e0 realidade do pa\u00eds\u201d. Os acusadores foram quase 300 assim chamados bispos da pr\u00f3pria Iurd, angolanos, que decidiram afastar-se da organiza\u00e7\u00e3o.<\/p>\n<p style=\"text-align: justify;\">Tais den\u00fancias culminaram num processo penal aberto em dezembro pela Procuradoria-Geral de Angola. O procurador-geral, \u00c1lvaro da Silva Jo\u00e3o, declarou a respeito:<\/p>\n<blockquote><p><em>\u201cEsta medida foi adotada porque nos autos h\u00e1 ind\u00edcios suficientes da pr\u00e1tica de delitos como associa\u00e7\u00e3o criminosa, fraude fiscal, exporta\u00e7\u00e3o il\u00edcita de capitais, abuso de confian\u00e7a e outros atos ilegais\u201d.<\/em><\/p><\/blockquote>\n<p style=\"text-align: justify;\">Em 2017, a mesma organiza\u00e7\u00e3o chegou a ser acusada em Portugal de tr\u00e1fico internacional de crian\u00e7as.<\/p>\n<\/div>\n","protected":false},"excerpt":{"rendered":"<p>A organiza\u00e7\u00e3o multinacional brasileira foi acusada de fraude e outras atividades criminosas no pa\u00eds africano A Procuradoria-Geral de Angola executou o fechamento, no pa\u00eds, de sete templos da Igreja Universal do Reino de Deus (Iurd), organiza\u00e7\u00e3o multinacional fundada no Brasil pelo empres\u00e1rio Edir Macedo, que se declara bispo. A organiza\u00e7\u00e3o foi acusada de fraude e [&hellip;]<\/p>\n","protected":false},"author":1,"featured_media":61620,"comment_status":"open","ping_status":"closed","sticky":false,"template":"","format":"standard","meta":{"footnotes":""},"categories":[4],"tags":[],"class_list":["post-61619","post","type-post","status-publish","format-standard","has-post-thumbnail","hentry","category-cotidiano"],"_links":{"self":[{"href":"https:\/\/catolicanet.net\/wp-cnet\/wp-json\/wp\/v2\/posts\/61619","targetHints":{"allow":["GET"]}}],"collection":[{"href":"https:\/\/catolicanet.net\/wp-cnet\/wp-json\/wp\/v2\/posts"}],"about":[{"href":"https:\/\/catolicanet.net\/wp-cnet\/wp-json\/wp\/v2\/types\/post"}],"author":[{"embeddable":true,"href":"https:\/\/catolicanet.net\/wp-cnet\/wp-json\/wp\/v2\/users\/1"}],"replies":[{"embeddable":true,"href":"https:\/\/catolicanet.net\/wp-cnet\/wp-json\/wp\/v2\/comments?post=61619"}],"version-history":[{"count":1,"href":"https:\/\/catolicanet.net\/wp-cnet\/wp-json\/wp\/v2\/posts\/61619\/revisions"}],"predecessor-version":[{"id":61621,"href":"https:\/\/catolicanet.net\/wp-cnet\/wp-json\/wp\/v2\/posts\/61619\/revisions\/61621"}],"wp:featuredmedia":[{"embeddable":true,"href":"https:\/\/catolicanet.net\/wp-cnet\/wp-json\/wp\/v2\/media\/61620"}],"wp:attachment":[{"href":"https:\/\/catolicanet.net\/wp-cnet\/wp-json\/wp\/v2\/media?parent=61619"}],"wp:term":[{"taxonomy":"category","embeddable":true,"href":"https:\/\/catolicanet.net\/wp-cnet\/wp-json\/wp\/v2\/categories?post=61619"},{"taxonomy":"post_tag","embeddable":true,"href":"https:\/\/catolicanet.net\/wp-cnet\/wp-json\/wp\/v2\/tags?post=61619"}],"curies":[{"name":"wp","href":"https:\/\/api.w.org\/{rel}","templated":true}]}}