{"id":6160,"date":"2015-07-29T17:42:39","date_gmt":"2015-07-29T20:42:39","guid":{"rendered":"http:\/\/catolicanet.net\/wp-cnet\/regional-centro-oeste-prepara-assembleia-do-povo-de-deus\/"},"modified":"2017-04-10T15:31:04","modified_gmt":"2017-04-10T18:31:04","slug":"regional-centro-oeste-prepara-assembleia-do-povo-de-deus","status":"publish","type":"post","link":"https:\/\/catolicanet.net\/wp-cnet\/regional-centro-oeste-prepara-assembleia-do-povo-de-deus\/","title":{"rendered":"Regional Centro-Oeste prepara Assembleia do Povo de Deus"},"content":{"rendered":"<p style=\"text-align: justify;\"><img decoding=\"async\" src=\"http:\/\/catolicanet.com.br\/images\/stories\/geral\/centro1.jpg\" border=\"0\" align=\"left\" \/>O Grupo de Trabalho (GT) da 19\u00aa Assembleia do Povo de Deus do regional Centro-Oeste da Confer\u00eancia Nacional dos Bispos do Brasil (CNBB) ir\u00e1 se reunir, no dia 1\u00ba de agosto, em Goi\u00e2nia (GO), para concluir os preparativos do evento.<\/p>\n<p>A Assembleia ser\u00e1 realizada de 11 a 13 de setembro, na Casa de Conviv\u00eancia Sagrada Fam\u00edlia, em Bras\u00edlia (DF). Pela primeira vez, acontecer\u00e1 no per\u00edodo que antecede a elabora\u00e7\u00e3o dos Planos Diocesanos de Pastorais. Dessa forma, as decis\u00f5es da Assembleia poder\u00e3o ser integradas aos conte\u00fados dos planos. <\/p>\n<p>O bispo de Urua\u00e7u (GO) e presidente do regional, dom Messias dos Reis Silveira, explicou que os rumos pastorais da Igreja no Centro-Oeste ser\u00e3o orientados pelas Diretrizes Gerais da A\u00e7\u00e3o Evangelizadora da Igreja no Brasil (DGAE) aprovadas na \u00faltima Assembleia Geral da CNBB para o pr\u00f3ximo quadri\u00eanio 2015-2019. \u201cPretendemos conseguir metas claras para vivenciarmos no regional nos anos de 2016 a 2018\u201d, afirmou.<\/p>\n<p>Segundo dom Messias, a 19\u00aa edi\u00e7\u00e3o da Assembleia do Povo de Deus ter\u00e1 como desafio \u201cas mudan\u00e7as r\u00e1pidas que a sociedade vivencia e que deixam as pessoas iludidas, sem rumo e sem ra\u00edzes\u201d.<\/p>\n<p>\u201cOs pais j\u00e1 n\u00e3o conseguem transmitir valores fundamentais aos filhos; as pessoas vivem um grande vazio; os avan\u00e7os tecnol\u00f3gicos est\u00e3o a\u00ed, mas n\u00e3o chegam a todos; existe tamb\u00e9m uma crise cultural em que se tenta igualar as pessoas ignorando as diferen\u00e7as que existem entre elas; multiplicam-se as op\u00e7\u00f5es religiosas que abusam da simplicidade e car\u00eancia das pessoas e que t\u00eam como ess\u00eancia o sentimentalismo, o fundamentalismo, o emocionalismo e a cren\u00e7a na prosperidade\u201d, apontou dom Messias.<\/p>\n<p>Os desafios, segundo o bispo, est\u00e3o tamb\u00e9m no meio ambiente, seja no agroneg\u00f3cio, em que os pequenos agricultores n\u00e3o crescem; como nas fam\u00edlias, quando os jovens deixam o interior para buscar crescimento na cidade grande. \u201cN\u00e3o podemos nos descuidar da evangeliza\u00e7\u00e3o em todos os setores da sociedade. Essas e muitas outras preocupa\u00e7\u00f5es ir\u00e3o aparecer em nossas reflex\u00f5es\u201d, antecipou.<\/p>\n<p>Tem\u00e1tica<\/p>\n<p>A escolha do tema, \u201cIgreja toda ministerial a servi\u00e7o da sociedade\u201d, e o lema, \u201cServir ao Senhor com alegria\u201d (Sl 99, 2), foi motivada pelo aspecto de servi\u00e7o, que \u00e9 a identidade da Igreja. Segundo dom Messias, a tem\u00e1tica teve como base os recentes documentos do magist\u00e9rio da Igreja, como a exorta\u00e7\u00e3o apost\u00f3lica Evangelli Gaudium, do papa Francisco, e as DGAE. \u201cAo presentear a Igreja com a sua primeira exorta\u00e7\u00e3o, o papa desejou que a alegria do Evangelho chegue a todas as pessoas\u201d.<\/p>\n<p>Ir\u00e3o participar da Assembleia do Povo de Deus os arcebispos, bispos, secret\u00e1rio executivo, coordenadores de pastorais e movimentos, representantes dos organismos leigos e eclesi\u00e1sticos e leigos delegados pelas dioceses.<\/p>\n<p>Cartaz<\/p>\n<p>De acordo com informa\u00e7\u00f5es do regional, o cartaz apresenta as m\u00e3os postas sobre a B\u00edblia, que simbolizam a vida religiosa consagrada, cuja fonte \u00e9 a Palavra de Deus. Acima, a devo\u00e7\u00e3o popular do povo e, abaixo, a forma\u00e7\u00e3o laical. \u00c0 direita, est\u00e3o representados os minist\u00e9rios ordenados, diaconal e presbiteral. A jun\u00e7\u00e3o das imagens forma a Igreja ministerial a servi\u00e7o da sociedade presente no Centro-Oeste. As duas cores predominantes dividem o regional nas prov\u00edncias eclesi\u00e1sticas de Goi\u00e2nia e Bras\u00edlia.<\/p>\n<p style=\"text-align: justify;\">Fonte: CNBB<\/p>\n","protected":false},"excerpt":{"rendered":"<p>O Grupo de Trabalho (GT) da 19\u00aa Assembleia do Povo de Deus do regional Centro-Oeste da Confer\u00eancia Nacional dos Bispos do Brasil (CNBB) ir\u00e1 se reunir, no dia 1\u00ba de agosto, em Goi\u00e2nia (GO), para concluir os preparativos do evento. A Assembleia ser\u00e1 realizada de 11 a 13 de setembro, na Casa de Conviv\u00eancia Sagrada [&hellip;]<\/p>\n","protected":false},"author":1,"featured_media":0,"comment_status":"closed","ping_status":"closed","sticky":false,"template":"","format":"standard","meta":{"footnotes":""},"categories":[7],"tags":[],"class_list":["post-6160","post","type-post","status-publish","format-standard","hentry","category-cnbb"],"_links":{"self":[{"href":"https:\/\/catolicanet.net\/wp-cnet\/wp-json\/wp\/v2\/posts\/6160","targetHints":{"allow":["GET"]}}],"collection":[{"href":"https:\/\/catolicanet.net\/wp-cnet\/wp-json\/wp\/v2\/posts"}],"about":[{"href":"https:\/\/catolicanet.net\/wp-cnet\/wp-json\/wp\/v2\/types\/post"}],"author":[{"embeddable":true,"href":"https:\/\/catolicanet.net\/wp-cnet\/wp-json\/wp\/v2\/users\/1"}],"replies":[{"embeddable":true,"href":"https:\/\/catolicanet.net\/wp-cnet\/wp-json\/wp\/v2\/comments?post=6160"}],"version-history":[{"count":1,"href":"https:\/\/catolicanet.net\/wp-cnet\/wp-json\/wp\/v2\/posts\/6160\/revisions"}],"predecessor-version":[{"id":10946,"href":"https:\/\/catolicanet.net\/wp-cnet\/wp-json\/wp\/v2\/posts\/6160\/revisions\/10946"}],"wp:attachment":[{"href":"https:\/\/catolicanet.net\/wp-cnet\/wp-json\/wp\/v2\/media?parent=6160"}],"wp:term":[{"taxonomy":"category","embeddable":true,"href":"https:\/\/catolicanet.net\/wp-cnet\/wp-json\/wp\/v2\/categories?post=6160"},{"taxonomy":"post_tag","embeddable":true,"href":"https:\/\/catolicanet.net\/wp-cnet\/wp-json\/wp\/v2\/tags?post=6160"}],"curies":[{"name":"wp","href":"https:\/\/api.w.org\/{rel}","templated":true}]}}