{"id":6159,"date":"2015-07-29T17:33:44","date_gmt":"2015-07-29T20:33:44","guid":{"rendered":"http:\/\/catolicanet.net\/wp-cnet\/educadores-discutem-formacao-missionaria-nas-escolas\/"},"modified":"2017-04-10T15:31:24","modified_gmt":"2017-04-10T18:31:24","slug":"educadores-discutem-formacao-missionaria-nas-escolas","status":"publish","type":"post","link":"https:\/\/catolicanet.net\/wp-cnet\/educadores-discutem-formacao-missionaria-nas-escolas\/","title":{"rendered":"Educadores discutem forma\u00e7\u00e3o mission\u00e1ria nas escolas"},"content":{"rendered":"<p style=\"text-align: justify;\"><img decoding=\"async\" src=\"http:\/\/catolicanet.com.br\/images\/stories\/geral\/semana1.jpg\" border=\"0\" align=\"left\" \/>Desde segunda-feira, 27, leigos e religiosos participam da 2\u00aa Semana de Forma\u00e7\u00e3o Mission\u00e1ria para Educadores. O evento, que prosseguir\u00e1 at\u00e9 o dia 31, no Centro Cultural Mission\u00e1rio (CCM), em Bras\u00edlia (DF), re\u00fane 24 representantes de escolas de orienta\u00e7\u00e3o cat\u00f3lica e do Pontif\u00edcio Instituto das Miss\u00f5es Exteriores (Pime), al\u00e9m de agentes de pastoral, enviados de 10 estados do Brasil.<\/p>\n<p>Segundo o secret\u00e1rio nacional da Inf\u00e2ncia e Adolesc\u00eancia Mission\u00e1ria (IAM), entidade organizadora do encontro junto com o CCM e a Prov\u00edncia Marista Centro-Norte, padre Andr\u00e9 Luiz de Negreiros, a forma\u00e7\u00e3o tem como objetivos:\u00a0 gerar\u00a0 unidade,\u00a0 promover o trabalho da dimens\u00e3o mission\u00e1ria, estimular o protagonismo da crian\u00e7a e buscar caminhos para educar em meio \u00e0s diferen\u00e7as, trabalhando \u00e0 mundialidade e \u00e0 interculturalidade.<\/p>\n<p>Programa\u00e7\u00e3o<\/p>\n<p>A 2\u00aa Semana de Forma\u00e7\u00e3o Mission\u00e1ria para Educadores apresenta temas fundamentais para os educadores de escolas cat\u00f3licas, como \u201cEduca\u00e7\u00e3o \u00e0 mundialidade e \u00e0 interculturalidade\u201d e\u00a0 \u201cTeologia mission\u00e1ria da crian\u00e7a. A crian\u00e7a como sujeito de encontro com Deus e de evangeliza\u00e7\u00e3o\u201d.<\/p>\n<p>No dia 31, ser\u00e3o abordados &#8220;os elementos para um planejamento das atividades da IAM nas escolas\u201d, com participa\u00e7\u00e3o das Pontif\u00edcias Obras Mission\u00e1rias (POM) e da prov\u00edncia Marista Brasil Centro-Norte.<\/p>\n<p style=\"text-align: justify;\">Fonte: CNBB<\/p>\n","protected":false},"excerpt":{"rendered":"<p>Desde segunda-feira, 27, leigos e religiosos participam da 2\u00aa Semana de Forma\u00e7\u00e3o Mission\u00e1ria para Educadores. O evento, que prosseguir\u00e1 at\u00e9 o dia 31, no Centro Cultural Mission\u00e1rio (CCM), em Bras\u00edlia (DF), re\u00fane 24 representantes de escolas de orienta\u00e7\u00e3o cat\u00f3lica e do Pontif\u00edcio Instituto das Miss\u00f5es Exteriores (Pime), al\u00e9m de agentes de pastoral, enviados de 10 [&hellip;]<\/p>\n","protected":false},"author":1,"featured_media":0,"comment_status":"closed","ping_status":"closed","sticky":false,"template":"","format":"standard","meta":{"footnotes":""},"categories":[7],"tags":[],"class_list":["post-6159","post","type-post","status-publish","format-standard","hentry","category-cnbb"],"_links":{"self":[{"href":"https:\/\/catolicanet.net\/wp-cnet\/wp-json\/wp\/v2\/posts\/6159","targetHints":{"allow":["GET"]}}],"collection":[{"href":"https:\/\/catolicanet.net\/wp-cnet\/wp-json\/wp\/v2\/posts"}],"about":[{"href":"https:\/\/catolicanet.net\/wp-cnet\/wp-json\/wp\/v2\/types\/post"}],"author":[{"embeddable":true,"href":"https:\/\/catolicanet.net\/wp-cnet\/wp-json\/wp\/v2\/users\/1"}],"replies":[{"embeddable":true,"href":"https:\/\/catolicanet.net\/wp-cnet\/wp-json\/wp\/v2\/comments?post=6159"}],"version-history":[{"count":1,"href":"https:\/\/catolicanet.net\/wp-cnet\/wp-json\/wp\/v2\/posts\/6159\/revisions"}],"predecessor-version":[{"id":10947,"href":"https:\/\/catolicanet.net\/wp-cnet\/wp-json\/wp\/v2\/posts\/6159\/revisions\/10947"}],"wp:attachment":[{"href":"https:\/\/catolicanet.net\/wp-cnet\/wp-json\/wp\/v2\/media?parent=6159"}],"wp:term":[{"taxonomy":"category","embeddable":true,"href":"https:\/\/catolicanet.net\/wp-cnet\/wp-json\/wp\/v2\/categories?post=6159"},{"taxonomy":"post_tag","embeddable":true,"href":"https:\/\/catolicanet.net\/wp-cnet\/wp-json\/wp\/v2\/tags?post=6159"}],"curies":[{"name":"wp","href":"https:\/\/api.w.org\/{rel}","templated":true}]}}