{"id":61582,"date":"2020-08-19T10:37:44","date_gmt":"2020-08-19T13:37:44","guid":{"rendered":"https:\/\/catolicanet.net\/wp-cnet\/?p=61582"},"modified":"2020-08-19T10:37:44","modified_gmt":"2020-08-19T13:37:44","slug":"jesus-o-messias-o-filho-do-deus-vivo","status":"publish","type":"post","link":"https:\/\/catolicanet.net\/wp-cnet\/jesus-o-messias-o-filho-do-deus-vivo\/","title":{"rendered":"Jesus, o Messias, o Filho do Deus vivo!"},"content":{"rendered":"<p style=\"text-align: justify;\">No centro da reflex\u00e3o que a liturgia do 21\u00ba Domingo do Tempo Comum nos prop\u00f5e, est\u00e3o dois temas \u00e0 volta dos quais se constr\u00f3i e se estrutura toda a exist\u00eancia crist\u00e3: Cristo e a Igreja. Juntos com o Ap\u00f3stolo S\u00e3o Pedro, confessamos que o Senhor \u00e9 o \u201cMessias, o Filho do Deus vivo\u201d.<\/p>\n<p style=\"text-align: justify;\">O Evangelho(cf. Mt 16,13-20) convida os disc\u00edpulos a aderirem a Jesus e a acolherem-n\u2019O como \u201co Messias, Filho de Deus\u201d. Dessa ades\u00e3o, nasce a Igreja &#8211; a comunidade dos disc\u00edpulos de Jesus, convocada e organizada \u00e0 volta de Pedro. A miss\u00e3o da Igreja \u00e9 dar testemunho da proposta de salva\u00e7\u00e3o que Jesus veio trazer. \u00c0 Igreja e a Pedro \u00e9 confiado o poder das chaves &#8211; isto \u00e9, de interpretar as palavras de Jesus, de adaptar os ensinamentos de Jesus aos desafios do mundo e de acolher na comunidade todos aqueles que aderem \u00e0 proposta de salva\u00e7\u00e3o que Jesus oferece. \u201cTu \u00e9s o Cristo, o Filho do Deus vivo\u201d(cf. Mt 16,16). A confiss\u00e3o de Pedro \u00e9 important\u00edssima n\u00e3o apenas por ser a pedra sobre a qual a Igreja seria edificada(cf. Mt 16,18), mas por nos indicar o caminho que todos devemos seguir. Ao confessar a identidade de Jesus, Pedro descobre sua pr\u00f3pria identidade, ou melhor: descobre Cristo confessando quem Pedro \u00e9. E \u00e9 essa a realidade mais profunda da voca\u00e7\u00e3o de cada batizado. Essa experi\u00eancia abre em nossa vida uma porta que jamais se fechar\u00e1(cf. Is 22,22) e que nos permite exclamar junto com S\u00e3o Paulo: \u201c\u00d3 imensid\u00e3o da riqueza, da sabedoria e da ci\u00eancia de Deus\u201d(cf. Rm 11,33).<\/p>\n<p style=\"text-align: justify;\">Tornamo-nos Igreja cada vez que confessamos que Jesus com os seus l\u00e1bios e com a sua vida e participamos, assim, n\u00e3o apenas da experi\u00eancia de Pedro, mas do pr\u00f3prio Jesus. Essa Boa-Nova \u2013 a descoberta simult\u00e2nea de quem somos n\u00f3s e de quem \u00e9 Jesus \u2013 todo homem e mulher de boa vontade quer escutar \u2013 e confessar.<\/p>\n<p style=\"text-align: justify;\">A primeira leitura(cf. Is 22,19-23) mostra como se deve concretizar o poder &#8220;das chaves&#8221;. Aquele que det\u00e9m &#8220;as chaves&#8221; n\u00e3o pode usar a sua autoridade para concretizar interesses pessoais e para impedir aos seus irm\u00e3os o acesso aos bens eternos; mas deve exercer o seu servi\u00e7o como um pai que procura o bem dos seus filhos, com solicitude, com amor e com justi\u00e7a.<\/p>\n<p style=\"text-align: justify;\">A segunda leitura(cf. Rm 11,33-36) \u00e9 um convite a contemplar a riqueza, a sabedoria e a ci\u00eancia de Deus que, de forma misteriosa e \u00e0s vezes desconcertante, realiza os seus projetos de salva\u00e7\u00e3o do homem. Ao homem resta entregar-se confiadamente nas m\u00e3os de Deus e deixar que o seu espanto, reconhecimento e adora\u00e7\u00e3o se transformem num hino de amor e de louvor ao Deus salvador e libertador.<\/p>\n<p style=\"text-align: justify;\">A mesma confiss\u00e3o de S\u00e3o Pedro deve ser o apan\u00e1gio de nossa Evangeliza\u00e7\u00e3o: Jesus, o Messias, e o Filho do Deus Vivo! Por isso queremos colocar no altar de Deus todos os fi\u00e9is batizados, que s\u00e3o o grande tesouro da Igreja. Que eles possam ser esta bonita gra\u00e7a de Deus em favor da santifica\u00e7\u00e3o do mundo e de todas as suas estruturas. Ser leigo atuante \u00e9 ter consci\u00eancia do chamado de Deus a participar ativamente da Igreja e do Reino, contribuindo para a caminhada e o crescimento das comunidades rumo a P\u00e1tria Celeste. Assumir esta voca\u00e7\u00e3o \u00e9 doar-se pelo Evangelho e estar junto a Cristo em sua miss\u00e3o de salva\u00e7\u00e3o e reden\u00e7\u00e3o.<\/p>\n<p style=\"text-align: justify;\">Por isso neste domingo celebramos todos os leigos que, entre fam\u00edlia e afazeres, dedicam-se aos trabalhos pastorais e, tamb\u00e9m, mission\u00e1rios. Os leigos atuam como colaboradores na catequese, na liturgia, nos minist\u00e9rios de m\u00fasica, nas obras de caridade e nas diversas pastorais existentes. A fam\u00edlia \u00e9 o centro da vida crist\u00e3 porque ela santifica toda a vida da M\u00e3e Igreja. Somos convocados para instaurar um reinado, renovando a face da terra, que nada mais \u00e9 do que a edifica\u00e7\u00e3o de uma nova sociedade, um novo mundo, uma nova humanidade. Pela gra\u00e7a do batismo os leigos t\u00eam essa miss\u00e3o de ajudar a construir o Reino de Jesus Cristo. Que tenhamos fam\u00edlias santas e que todos os leigos vivam com intensidade seu batismo!<\/p>\n","protected":false},"excerpt":{"rendered":"<p>No centro da reflex\u00e3o que a liturgia do 21\u00ba Domingo do Tempo Comum nos prop\u00f5e, est\u00e3o dois temas \u00e0 volta dos quais se constr\u00f3i e se estrutura toda a exist\u00eancia crist\u00e3: Cristo e a Igreja. Juntos com o Ap\u00f3stolo S\u00e3o Pedro, confessamos que o Senhor \u00e9 o \u201cMessias, o Filho do Deus vivo\u201d. O Evangelho(cf. [&hellip;]<\/p>\n","protected":false},"author":10,"featured_media":55817,"comment_status":"open","ping_status":"closed","sticky":false,"template":"","format":"standard","meta":{"footnotes":""},"categories":[9],"tags":[],"class_list":["post-61582","post","type-post","status-publish","format-standard","has-post-thumbnail","hentry","category-artigos"],"_links":{"self":[{"href":"https:\/\/catolicanet.net\/wp-cnet\/wp-json\/wp\/v2\/posts\/61582","targetHints":{"allow":["GET"]}}],"collection":[{"href":"https:\/\/catolicanet.net\/wp-cnet\/wp-json\/wp\/v2\/posts"}],"about":[{"href":"https:\/\/catolicanet.net\/wp-cnet\/wp-json\/wp\/v2\/types\/post"}],"author":[{"embeddable":true,"href":"https:\/\/catolicanet.net\/wp-cnet\/wp-json\/wp\/v2\/users\/10"}],"replies":[{"embeddable":true,"href":"https:\/\/catolicanet.net\/wp-cnet\/wp-json\/wp\/v2\/comments?post=61582"}],"version-history":[{"count":1,"href":"https:\/\/catolicanet.net\/wp-cnet\/wp-json\/wp\/v2\/posts\/61582\/revisions"}],"predecessor-version":[{"id":61583,"href":"https:\/\/catolicanet.net\/wp-cnet\/wp-json\/wp\/v2\/posts\/61582\/revisions\/61583"}],"wp:featuredmedia":[{"embeddable":true,"href":"https:\/\/catolicanet.net\/wp-cnet\/wp-json\/wp\/v2\/media\/55817"}],"wp:attachment":[{"href":"https:\/\/catolicanet.net\/wp-cnet\/wp-json\/wp\/v2\/media?parent=61582"}],"wp:term":[{"taxonomy":"category","embeddable":true,"href":"https:\/\/catolicanet.net\/wp-cnet\/wp-json\/wp\/v2\/categories?post=61582"},{"taxonomy":"post_tag","embeddable":true,"href":"https:\/\/catolicanet.net\/wp-cnet\/wp-json\/wp\/v2\/tags?post=61582"}],"curies":[{"name":"wp","href":"https:\/\/api.w.org\/{rel}","templated":true}]}}