{"id":61576,"date":"2020-08-18T09:20:21","date_gmt":"2020-08-18T12:20:21","guid":{"rendered":"https:\/\/catolicanet.net\/wp-cnet\/?p=61576"},"modified":"2020-08-18T11:22:33","modified_gmt":"2020-08-18T14:22:33","slug":"dark-serie-alema-capta-o-espirito-do-nosso-tempo","status":"publish","type":"post","link":"https:\/\/catolicanet.net\/wp-cnet\/dark-serie-alema-capta-o-espirito-do-nosso-tempo\/","title":{"rendered":"Dark: s\u00e9rie alem\u00e3 capta o esp\u00edrito do nosso tempo"},"content":{"rendered":"<h2 class=\"subtitle\" style=\"text-align: justify;\">Dispon\u00edvel no Netflix e cultuada mundialmente, Dark mostra um 2020 dist\u00f3pico de futuro incerto<\/h2>\n<div class=\"base-post-content\">\n<p dir=\"ltr\" style=\"text-align: justify;\">Ao se discutir arte, em todas as suas formas, fala-se muito sobre Zeitgeist, palavra alem\u00e3 que que significa \u201cesp\u00edrito da \u00e9poca\u201d.<\/p>\n<p dir=\"ltr\" style=\"text-align: justify;\">\u00c9 comum que uma obra dialogue com obras de contempor\u00e2neos, que trate do mesmo tema, ou at\u00e9 que preveja uma nova realidade.<\/p>\n<p dir=\"ltr\" style=\"text-align: justify;\">Como se os artistas, por meio de uma intui\u00e7\u00e3o agu\u00e7ada, pudessem se conectar a um inconsciente coletivo e capturar o sentimento do seu tempo.<\/p>\n<p dir=\"ltr\" style=\"text-align: justify;\">E se existe uma palavra para definir Dark, s\u00e9rie alem\u00e3 cultuada mundialmente, j\u00e1 em sua terceira temporada, esta palavra \u00e9 Zeitgeist.<\/p>\n<p dir=\"ltr\" style=\"text-align: justify;\">A come\u00e7ar pela primeira temporada, de 2017, na qual, paralelamente ao desenvolvimento da trama, ocorre um longo e profundo debate filos\u00f3fico sobre destino e livre arb\u00edtrio, no qual uma estranha figura encapuzada defende que nossas decis\u00f5es, at\u00e9 mesmo quando definidas a partir do instinto ou no limiar da raz\u00e3o, seriam pr\u00e9-determinadas por for\u00e7as maiores do universo que teriam controle sobre os seres humanos, apesar de suas pretens\u00f5es de liberdade.<\/p>\n<p dir=\"ltr\" style=\"text-align: justify;\">Em Dark a viagem vai longe e para se maravilhar com a incr\u00edvel (e fabulosa) narrativa, \u00e9 preciso embarcar.<\/p>\n<div class=\"nativo-inread\" style=\"text-align: justify;\"><\/div>\n<p dir=\"ltr\" style=\"text-align: justify;\">Passada na cidade alem\u00e3 fict\u00edcia de Winden, narra a hist\u00f3ria ancestral de diversas fam\u00edlias que atravessam ciclos turbulentos a cada 33 anos.<\/p>\n<p dir=\"ltr\" style=\"text-align: justify;\">No tempo presente, que se passa, veja s\u00f3, entre 2019 e 2020, as vidas dessas fam\u00edlias se inter-relacionam em uma s\u00e9rie de intrigas, como um caso extraconjugal, e trag\u00e9dias, como o desaparecimento de um garoto.<\/p>\n<p dir=\"ltr\" style=\"text-align: justify;\">Assim como seus antepassados tamb\u00e9m se relacionaram em conflitos e disputas de poder, inclusive pelo controle dos dispositivos de viagem no tempo, que obrigatoriamente para os anos de 1986 ou 1953.<\/p>\n<p dir=\"ltr\" style=\"text-align: justify;\">A trama mostra como as a\u00e7\u00f5es do passado surtem efeito at\u00e9 o presente e quando se volta no tempo para alterar o desfecho do que j\u00e1 passou, as consequ\u00eancias podem ser tr\u00e1gicas. A sequ\u00eancia de eras e como isso afeta a \u00e1rvore familiar dos personagens forma um paradoxo metaf\u00edsico.<\/p>\n<p dir=\"ltr\" style=\"text-align: justify;\">Uma das maneiras de se viajar no tempo \u00e9 por meio de um t\u00fanel em uma caverna \u2013 onde o jovem Mikkel se perde no primeiro epis\u00f3dio (e vai parar em 1986) \u2013 que funciona como um portal.<\/p>\n<p dir=\"ltr\" style=\"text-align: justify;\">Na segunda temporada, que foi lan\u00e7ada em 2019 e se passa em 2020, um dispositivo em uma trincheira na caverna est\u00e1 em imin\u00eancia de ativar uma explos\u00e3o nuclear que coloca em risco a esp\u00e9cie humana. O clima de desespero e incerteza apresenta um Zeitgeist impactante deste nosso 2020.<\/p>\n<p dir=\"ltr\" style=\"text-align: justify;\">O que gerou ainda mais expectativa para a terceira temporada, que estreou em plena pandemia, e parte exatamente desse ponto: o apocalipse.<\/p>\n<p dir=\"ltr\" style=\"text-align: justify;\">N\u00e3o \u00e9 comum vermos uma s\u00e9rie alem\u00e3 causar tamanho frisson e Dark merece cada aplauso. Criada pelo cineasta Baran bo Odar, a superprodu\u00e7\u00e3o tem fotografia e efeitos compar\u00e1veis a Game of Thrones e Senhor dos An\u00e9is, por\u00e9m com dire\u00e7\u00e3o de arte moderna e cool.<\/p>\n<p dir=\"ltr\" style=\"text-align: justify;\">Preste aten\u00e7\u00e3o no casaco amarelo do protagonista Erik. Al\u00e9m da pe\u00e7a do figurino compor lindamente em conjunto com todos os cen\u00e1rios (\u00e9 dif\u00edcil um quadro da s\u00e9rie que n\u00e3o seja muito bonito), ter\u00e1 papel no desfecho na trama.<\/p>\n<\/div>\n","protected":false},"excerpt":{"rendered":"<p>Dispon\u00edvel no Netflix e cultuada mundialmente, Dark mostra um 2020 dist\u00f3pico de futuro incerto Ao se discutir arte, em todas as suas formas, fala-se muito sobre Zeitgeist, palavra alem\u00e3 que que significa \u201cesp\u00edrito da \u00e9poca\u201d. \u00c9 comum que uma obra dialogue com obras de contempor\u00e2neos, que trate do mesmo tema, ou at\u00e9 que preveja uma [&hellip;]<\/p>\n","protected":false},"author":1,"featured_media":61577,"comment_status":"open","ping_status":"closed","sticky":false,"template":"","format":"standard","meta":{"footnotes":""},"categories":[4],"tags":[],"class_list":["post-61576","post","type-post","status-publish","format-standard","has-post-thumbnail","hentry","category-cotidiano"],"_links":{"self":[{"href":"https:\/\/catolicanet.net\/wp-cnet\/wp-json\/wp\/v2\/posts\/61576","targetHints":{"allow":["GET"]}}],"collection":[{"href":"https:\/\/catolicanet.net\/wp-cnet\/wp-json\/wp\/v2\/posts"}],"about":[{"href":"https:\/\/catolicanet.net\/wp-cnet\/wp-json\/wp\/v2\/types\/post"}],"author":[{"embeddable":true,"href":"https:\/\/catolicanet.net\/wp-cnet\/wp-json\/wp\/v2\/users\/1"}],"replies":[{"embeddable":true,"href":"https:\/\/catolicanet.net\/wp-cnet\/wp-json\/wp\/v2\/comments?post=61576"}],"version-history":[{"count":1,"href":"https:\/\/catolicanet.net\/wp-cnet\/wp-json\/wp\/v2\/posts\/61576\/revisions"}],"predecessor-version":[{"id":61578,"href":"https:\/\/catolicanet.net\/wp-cnet\/wp-json\/wp\/v2\/posts\/61576\/revisions\/61578"}],"wp:featuredmedia":[{"embeddable":true,"href":"https:\/\/catolicanet.net\/wp-cnet\/wp-json\/wp\/v2\/media\/61577"}],"wp:attachment":[{"href":"https:\/\/catolicanet.net\/wp-cnet\/wp-json\/wp\/v2\/media?parent=61576"}],"wp:term":[{"taxonomy":"category","embeddable":true,"href":"https:\/\/catolicanet.net\/wp-cnet\/wp-json\/wp\/v2\/categories?post=61576"},{"taxonomy":"post_tag","embeddable":true,"href":"https:\/\/catolicanet.net\/wp-cnet\/wp-json\/wp\/v2\/tags?post=61576"}],"curies":[{"name":"wp","href":"https:\/\/api.w.org\/{rel}","templated":true}]}}