{"id":6157,"date":"2015-07-29T17:07:20","date_gmt":"2015-07-29T20:07:20","guid":{"rendered":"http:\/\/catolicanet.net\/wp-cnet\/cabo-verde-formacao-em-materia-de-justica-e-criancas\/"},"modified":"2017-04-10T15:32:13","modified_gmt":"2017-04-10T18:32:13","slug":"cabo-verde-formacao-em-materia-de-justica-e-criancas","status":"publish","type":"post","link":"https:\/\/catolicanet.net\/wp-cnet\/cabo-verde-formacao-em-materia-de-justica-e-criancas\/","title":{"rendered":"Cabo Verde &#8211; forma\u00e7\u00e3o em mat\u00e9ria de justi\u00e7a e crian\u00e7as"},"content":{"rendered":"<p style=\"text-align: justify;\"><img decoding=\"async\" src=\"http:\/\/catolicanet.com.br\/images\/stories\/geral\/balana.jpg\" border=\"0\" align=\"left\" \/>T\u00e9cnicos do ICCA e de outras institui\u00e7\u00f5es do Estado ligadas a prote\u00e7\u00e3o das crian\u00e7as\u00a0 est\u00e3o reunidos numa forma\u00e7\u00e3o\u00a0 de formadores em mat\u00e9ria de atendimento \u00e0s crian\u00e7as em contacto com a lei.<\/p>\n<p>A a\u00e7\u00e3o \u00e9 promovida pelo Minist\u00e9rio da Justi\u00e7a atrav\u00e9s da Dire\u00e7\u00e3o Geral Prisional e da Reintegra\u00e7\u00e3o Social.<\/p>\n<p>Segundo o ministra da Justi\u00e7a, Jos\u00e9 Carlos Correia, o objetivo \u00e9 de capacitar estes profissionais de modo que a estarem preparados para passarem estes conhecimentos a outros profissionais que lidam com as crian\u00e7as, como forma aumentar a efici\u00eancia no uso dos recursos legais dispon\u00edveis em Cabo Verde.<\/p>\n<p>O ministro da justi\u00e7a lembra que a legisla\u00e7\u00e3o vigente tem procurado relevar especiais deveres de cuidado no atendimento e tratamento das crian\u00e7as nos processo nos tribunais, mas sublinhou que existem lacunas a serem ainda colmatadas, pelo que real\u00e7a a import\u00e2ncia dessa forma\u00e7\u00e3o.<\/p>\n<p style=\"text-align: justify;\">Declara\u00e7\u00f5es do ministro Jos\u00e9 Carlos Correia na abertura da forma\u00e7\u00e3o de formadores em mat\u00e9ria de Atendimento \u00e0s Crian\u00e7as em Contacto com a lei, a decorrer na Cidade da Praia. A forma\u00e7\u00e3o que conta com a parceria da UNICEF tem a dura\u00e7\u00e3o de quatro dias.<\/p>\n<p style=\"text-align: justify;\">Fonte: R\u00e1dio Vaticano<\/p>\n","protected":false},"excerpt":{"rendered":"<p>T\u00e9cnicos do ICCA e de outras institui\u00e7\u00f5es do Estado ligadas a prote\u00e7\u00e3o das crian\u00e7as\u00a0 est\u00e3o reunidos numa forma\u00e7\u00e3o\u00a0 de formadores em mat\u00e9ria de atendimento \u00e0s crian\u00e7as em contacto com a lei. A a\u00e7\u00e3o \u00e9 promovida pelo Minist\u00e9rio da Justi\u00e7a atrav\u00e9s da Dire\u00e7\u00e3o Geral Prisional e da Reintegra\u00e7\u00e3o Social. Segundo o ministra da Justi\u00e7a, Jos\u00e9 Carlos [&hellip;]<\/p>\n","protected":false},"author":1,"featured_media":0,"comment_status":"closed","ping_status":"closed","sticky":false,"template":"","format":"standard","meta":{"footnotes":""},"categories":[3],"tags":[],"class_list":["post-6157","post","type-post","status-publish","format-standard","hentry","category-vaticano"],"_links":{"self":[{"href":"https:\/\/catolicanet.net\/wp-cnet\/wp-json\/wp\/v2\/posts\/6157","targetHints":{"allow":["GET"]}}],"collection":[{"href":"https:\/\/catolicanet.net\/wp-cnet\/wp-json\/wp\/v2\/posts"}],"about":[{"href":"https:\/\/catolicanet.net\/wp-cnet\/wp-json\/wp\/v2\/types\/post"}],"author":[{"embeddable":true,"href":"https:\/\/catolicanet.net\/wp-cnet\/wp-json\/wp\/v2\/users\/1"}],"replies":[{"embeddable":true,"href":"https:\/\/catolicanet.net\/wp-cnet\/wp-json\/wp\/v2\/comments?post=6157"}],"version-history":[{"count":1,"href":"https:\/\/catolicanet.net\/wp-cnet\/wp-json\/wp\/v2\/posts\/6157\/revisions"}],"predecessor-version":[{"id":10949,"href":"https:\/\/catolicanet.net\/wp-cnet\/wp-json\/wp\/v2\/posts\/6157\/revisions\/10949"}],"wp:attachment":[{"href":"https:\/\/catolicanet.net\/wp-cnet\/wp-json\/wp\/v2\/media?parent=6157"}],"wp:term":[{"taxonomy":"category","embeddable":true,"href":"https:\/\/catolicanet.net\/wp-cnet\/wp-json\/wp\/v2\/categories?post=6157"},{"taxonomy":"post_tag","embeddable":true,"href":"https:\/\/catolicanet.net\/wp-cnet\/wp-json\/wp\/v2\/tags?post=6157"}],"curies":[{"name":"wp","href":"https:\/\/api.w.org\/{rel}","templated":true}]}}