{"id":61564,"date":"2020-08-18T09:05:36","date_gmt":"2020-08-18T12:05:36","guid":{"rendered":"https:\/\/catolicanet.net\/wp-cnet\/?p=61564"},"modified":"2020-08-18T11:07:34","modified_gmt":"2020-08-18T14:07:34","slug":"portugal-pandemia-igreja-tem-sido-modelo-na-observancia-das-regras","status":"publish","type":"post","link":"https:\/\/catolicanet.net\/wp-cnet\/portugal-pandemia-igreja-tem-sido-modelo-na-observancia-das-regras\/","title":{"rendered":"Portugal: Pandemia \u201cIgreja tem sido modelo\u201d na \u201cobserv\u00e2ncia das regras\u201d"},"content":{"rendered":"<figure class=\"article__image\" style=\"text-align: justify;\"><span class=\"didascalia_img\">D. Anacleto Oliveira, Bispo de Viana do Castelo, Portugal\u00a0<\/span><\/figure>\n<div class=\"article__meta\">\n<div class=\"article__subTitle\" style=\"text-align: justify;\">Bispo de Viana do Castelo cria \u2018Comiss\u00e3o Laudato Si\u2019 para a salvaguarda da cria\u00e7\u00e3o e convers\u00e3o ecol\u00f3gica da Igreja\u2019.<\/div>\n<div class=\"title__separator\" style=\"text-align: justify;\"><\/div>\n<div class=\"article__text\">\n<p style=\"text-align: justify;\"><b>Domingos Pinto &#8211; Lisboa<\/b><\/p>\n<p style=\"text-align: justify;\">\u201cFundamentalmente pedi-lhes para criarem uma mentalidade de respeito por aquilo que \u00e9 a nossa fonte de vida. Agora a pandemia veio acelerar, de certo modo mostrar como \u00e9 necess\u00e1rio, de facto, intervir de modo humano e crist\u00e3o na natureza\u201d.<\/p>\n<div style=\"text-align: justify;\">\n<div class=\"article__embed article__embed--unwrap article__embed--dark\">\n<div class=\"article__innerTitle\">Ou\u00e7a e compartilhe!<\/div>\n<\/div>\n<\/div>\n<p style=\"text-align: justify;\">\u00c9 desta forma que D. Anacleto Oliveira explica \u00e0 VATICAN NEWS a nomea\u00e7\u00e3o no passado dia 23 julho de uma equipa experimental da \u2018Comiss\u00e3o Laudato Si\u00b4, que ser\u00e1 coordenada por Diana Sofia Fernandes.<\/p>\n<p style=\"text-align: justify;\">Para o prelado, com a pandemia, o Alto Minho \u201ctornou-se um lugar preferido\u201d pela procura pela natureza, elogiando aqui as c\u00e2maras municipais que t\u00eam tido \u201cum cuidado muito grande, nomeadamente, na proibi\u00e7\u00e3o da explora\u00e7\u00e3o do l\u00edtio\u201d, ou seja, \u201ctodos os munic\u00edpios se mostraram contra, com medo que isso venha destruir a beleza natural\u201d.<\/p>\n<p style=\"text-align: justify;\">O bispo de Viana de Castelo considera que a enc\u00edclica do Papa Francisco \u00b4Laudato si\u00b4 \u00e9 uma das grandes marcadas deste pontificado, \u201cuma inova\u00e7\u00e3o\u201d.<\/p>\n<p style=\"text-align: justify;\">\u201cDe princ\u00edpio deixou algumas pessoas espantadas, mas aos poucos vamo-nos apercebendo da sua atualidade\u201d, porque \u201ccome\u00e7ou a alastrar, de facto, uma nova mentalidade com manifesta\u00e7\u00f5es a favor da natureza, e \u00e9 poss\u00edvel que o papa tenha dado o seu contributo e tenha despertado muito mais gente para esta necessidade urgente\u201d.<\/p>\n<p style=\"text-align: justify;\">Ao portal da Santa S\u00e9 o Bispo de Viana do Castelo alerta ainda para o impacto que a pandemia est\u00e1 a ter na vida dos portugueses.<\/p>\n<p style=\"text-align: justify;\">\u00a0\u201cSob o ponto de vista social, sofremos o que sofrem outras pessoas no resto do pa\u00eds, embora aqui n\u00e3o numa dimens\u00e3o t\u00e3o grave, mas a verdade \u00e9 que as pessoas que recorrem ao refeit\u00f3rio social que existe na cidade de Viana duplicou\u201d, sublinha.<\/p>\n<p style=\"text-align: justify;\">\u201cH\u00e1 mais gente a passar fome, h\u00e1 mais gente a passar mal. Isso \u00e9 incontorn\u00e1vel e \u00e9 verdade, embora o desemprego n\u00e3o seja t\u00e3o grave como noutros pa\u00edses\u201d, diz D. Analecto Oliveira.<\/p>\n<p style=\"text-align: justify;\">O prelado n\u00e3o esconde o seu \u201cmedo\u201d que o pa\u00eds regresse \u201caos v\u00edcios que t\u00ednhamos antes da pandemia, em que a economia est\u00e1 acima de tudo, o bem-estar material est\u00e1 acima de tudo, e voltamos aos mesmos erros, aos mesmos v\u00edcios\u201d.<\/p>\n<p style=\"text-align: justify;\">\u201cIsso \u00e9 que de certo modo me preocupa, nos deve preocupar a todos n\u00f3s crist\u00e3os, e n\u00f3s na igreja dev\u00edamos dar um sinal diferente disso\u201d, diz D. Anacleto Oliveira que elogia o contributo das dioceses e par\u00f3quias na resposta \u00e0 pandemia, sobretudo \u201cno que toca ao respeito pela vida, e, portanto, \u00e0 observ\u00e2ncia das regras de isolamento, dist\u00e2ncia social\u201d.<\/p>\n<\/div>\n<\/div>\n","protected":false},"excerpt":{"rendered":"<p>D. Anacleto Oliveira, Bispo de Viana do Castelo, Portugal\u00a0 Bispo de Viana do Castelo cria \u2018Comiss\u00e3o Laudato Si\u2019 para a salvaguarda da cria\u00e7\u00e3o e convers\u00e3o ecol\u00f3gica da Igreja\u2019. Domingos Pinto &#8211; Lisboa \u201cFundamentalmente pedi-lhes para criarem uma mentalidade de respeito por aquilo que \u00e9 a nossa fonte de vida. Agora a pandemia veio acelerar, de [&hellip;]<\/p>\n","protected":false},"author":1,"featured_media":61565,"comment_status":"open","ping_status":"closed","sticky":false,"template":"","format":"standard","meta":{"footnotes":""},"categories":[3],"tags":[],"class_list":["post-61564","post","type-post","status-publish","format-standard","has-post-thumbnail","hentry","category-vaticano"],"_links":{"self":[{"href":"https:\/\/catolicanet.net\/wp-cnet\/wp-json\/wp\/v2\/posts\/61564","targetHints":{"allow":["GET"]}}],"collection":[{"href":"https:\/\/catolicanet.net\/wp-cnet\/wp-json\/wp\/v2\/posts"}],"about":[{"href":"https:\/\/catolicanet.net\/wp-cnet\/wp-json\/wp\/v2\/types\/post"}],"author":[{"embeddable":true,"href":"https:\/\/catolicanet.net\/wp-cnet\/wp-json\/wp\/v2\/users\/1"}],"replies":[{"embeddable":true,"href":"https:\/\/catolicanet.net\/wp-cnet\/wp-json\/wp\/v2\/comments?post=61564"}],"version-history":[{"count":1,"href":"https:\/\/catolicanet.net\/wp-cnet\/wp-json\/wp\/v2\/posts\/61564\/revisions"}],"predecessor-version":[{"id":61566,"href":"https:\/\/catolicanet.net\/wp-cnet\/wp-json\/wp\/v2\/posts\/61564\/revisions\/61566"}],"wp:featuredmedia":[{"embeddable":true,"href":"https:\/\/catolicanet.net\/wp-cnet\/wp-json\/wp\/v2\/media\/61565"}],"wp:attachment":[{"href":"https:\/\/catolicanet.net\/wp-cnet\/wp-json\/wp\/v2\/media?parent=61564"}],"wp:term":[{"taxonomy":"category","embeddable":true,"href":"https:\/\/catolicanet.net\/wp-cnet\/wp-json\/wp\/v2\/categories?post=61564"},{"taxonomy":"post_tag","embeddable":true,"href":"https:\/\/catolicanet.net\/wp-cnet\/wp-json\/wp\/v2\/tags?post=61564"}],"curies":[{"name":"wp","href":"https:\/\/api.w.org\/{rel}","templated":true}]}}