{"id":6156,"date":"2015-07-29T16:14:57","date_gmt":"2015-07-29T19:14:57","guid":{"rendered":"http:\/\/catolicanet.net\/wp-cnet\/o-secam-comemora-46-anos-da-sua-existencia\/"},"modified":"2017-04-10T15:32:33","modified_gmt":"2017-04-10T18:32:33","slug":"o-secam-comemora-46-anos-da-sua-existencia","status":"publish","type":"post","link":"https:\/\/catolicanet.net\/wp-cnet\/o-secam-comemora-46-anos-da-sua-existencia\/","title":{"rendered":"O SECAM comemora 46 anos da sua exist\u00eancia"},"content":{"rendered":"<p style=\"text-align: justify;\"><img decoding=\"async\" src=\"http:\/\/catolicanet.com.br\/images\/stories\/geral\/o secam.jpg\" border=\"0\" align=\"left\" \/>O \u201cSimp\u00f3sio Das Confer\u00eancias Episcopais da \u00c1frica e Madag\u00e1scar\u201d (SECAM) comemora precisamente hoje, 29 de Julho de 2015, 46 anos da sua exist\u00eancia. Em conformidade com o programa difundido pelo pr\u00f3prio SECAM o evento inicia com uma Celebra\u00e7\u00e3o Eucar\u00edstica, seguida de uma recep\u00e7\u00e3o no Secretariado do SECAM em Acra, Capital do Gana. Durante a celebra\u00e7\u00e3o foi previsto e programado pela dire\u00e7\u00e3o do SECAM o lan\u00e7amento oficial do Ano da Reconcilia\u00e7\u00e3o no Continente Africano, e que tem in\u00edcio precisamente hoje, 29 de Julho de 2015, para terminar aos 29 de Julho de 2016 durante a Assembleia plen\u00e1ria do SECAM a ter lugar em Angola. Ainda em conformidade com a nota que recebemos da dire\u00e7\u00e3o do SECAM este lan\u00e7amento est\u00e1 estreitamente relacionado com a necessidade da atua\u00e7\u00e3o concreta do apelo lan\u00e7ado pelo Papa Bento XVI no N\u00b0 157 da Exorta\u00e7\u00e3o Apost\u00f3lica P\u00f3s-sinodal Africae Munus, onde o Em\u00e9rito Papa Bento XVI dizia, e citamos: \u201cPara encorajar a reconcilia\u00e7\u00e3o, a n\u00edvel comunit\u00e1rio, recomendo vivamente &#8211; como desejaram os Padres sinodais \u2013 que se celebre todos os anos, em cada Pa\u00eds africano, \u2018um dia ou uma semana de reconcilia\u00e7\u00e3o, particularmente durante o Advento ou a quaresma. Em resposta a este apelo o SECAM fez-nos chegar o an\u00fancio da ades\u00e3o a essa iniciativa, neste termos: \u201cO simp\u00f3sio das Conferencias Episcopais de \u00c1frica e Madagascar (SECAM) poder\u00e1 contribuir para a sua realiza\u00e7\u00e3o e, de acordo com a Santa S\u00e9 promover um Ano de Reconcilia\u00e7\u00e3o a n\u00edvel continental para pedir a Deus um perd\u00e3o especial para todos os males e feridas que os seres humanos se infligiram uns aos outros na \u00c1frica, e para que se reconciliem as pessoa e os grupos que foram ofendidos na Igreja e no conjunto da sociedade. A Esse prop\u00f3sito temos um depoimento em entrevista com D. Gabriel Mbilingi Arcebispo do Lubango, presidente da CEAST a Conferencia Episcopal de Angola e S\u00e3o Tom\u00e9 e tamb\u00e9m Presidente do SECAM, a quem come\u00e7amos por colocar a seguinte quest\u00e3o relativamente ao que teria levado Bento VI a pensar na iniciativa de concretos atos e gestos de reconcilia\u00e7\u00e3o em \u00c1frica (Moises Malumbu).<br \/>Fonte: R\u00e1dio Vaticano<\/p>\n","protected":false},"excerpt":{"rendered":"<p>O \u201cSimp\u00f3sio Das Confer\u00eancias Episcopais da \u00c1frica e Madag\u00e1scar\u201d (SECAM) comemora precisamente hoje, 29 de Julho de 2015, 46 anos da sua exist\u00eancia. Em conformidade com o programa difundido pelo pr\u00f3prio SECAM o evento inicia com uma Celebra\u00e7\u00e3o Eucar\u00edstica, seguida de uma recep\u00e7\u00e3o no Secretariado do SECAM em Acra, Capital do Gana. Durante a celebra\u00e7\u00e3o [&hellip;]<\/p>\n","protected":false},"author":1,"featured_media":0,"comment_status":"closed","ping_status":"closed","sticky":false,"template":"","format":"standard","meta":{"footnotes":""},"categories":[3],"tags":[],"class_list":["post-6156","post","type-post","status-publish","format-standard","hentry","category-vaticano"],"_links":{"self":[{"href":"https:\/\/catolicanet.net\/wp-cnet\/wp-json\/wp\/v2\/posts\/6156","targetHints":{"allow":["GET"]}}],"collection":[{"href":"https:\/\/catolicanet.net\/wp-cnet\/wp-json\/wp\/v2\/posts"}],"about":[{"href":"https:\/\/catolicanet.net\/wp-cnet\/wp-json\/wp\/v2\/types\/post"}],"author":[{"embeddable":true,"href":"https:\/\/catolicanet.net\/wp-cnet\/wp-json\/wp\/v2\/users\/1"}],"replies":[{"embeddable":true,"href":"https:\/\/catolicanet.net\/wp-cnet\/wp-json\/wp\/v2\/comments?post=6156"}],"version-history":[{"count":1,"href":"https:\/\/catolicanet.net\/wp-cnet\/wp-json\/wp\/v2\/posts\/6156\/revisions"}],"predecessor-version":[{"id":10950,"href":"https:\/\/catolicanet.net\/wp-cnet\/wp-json\/wp\/v2\/posts\/6156\/revisions\/10950"}],"wp:attachment":[{"href":"https:\/\/catolicanet.net\/wp-cnet\/wp-json\/wp\/v2\/media?parent=6156"}],"wp:term":[{"taxonomy":"category","embeddable":true,"href":"https:\/\/catolicanet.net\/wp-cnet\/wp-json\/wp\/v2\/categories?post=6156"},{"taxonomy":"post_tag","embeddable":true,"href":"https:\/\/catolicanet.net\/wp-cnet\/wp-json\/wp\/v2\/tags?post=6156"}],"curies":[{"name":"wp","href":"https:\/\/api.w.org\/{rel}","templated":true}]}}