{"id":61486,"date":"2020-08-14T09:16:22","date_gmt":"2020-08-14T12:16:22","guid":{"rendered":"https:\/\/catolicanet.net\/wp-cnet\/?p=61486"},"modified":"2020-08-14T13:17:05","modified_gmt":"2020-08-14T16:17:05","slug":"stf-ouvira-cnbb-em-julgamento-sobre-a-demarcacao-de-terras-indigenas-no-brasil","status":"publish","type":"post","link":"https:\/\/catolicanet.net\/wp-cnet\/stf-ouvira-cnbb-em-julgamento-sobre-a-demarcacao-de-terras-indigenas-no-brasil\/","title":{"rendered":"STF ouvir\u00e1 CNBB em julgamento sobre a demarca\u00e7\u00e3o de terras ind\u00edgenas no Brasil"},"content":{"rendered":"<p style=\"text-align: justify;\">O Supremo Tribunal Federal (STF) aceitou um pedido da Confer\u00eancia Nacional dos Bispos do Brasil (CNBB) e vai ouvi-la como \u201c<em>amicus curiae<\/em>\u201d em julgamento que vai definir o marco temporal para a demarca\u00e7\u00e3o de terras ind\u00edgenas do Brasil. O \u201c<em>amicus curiae<\/em>\u201d fornece subs\u00eddios \u00e0 decis\u00e3o da Suprema Corte em julgamentos na corte. Segundo o Conselho Indigenista Mission\u00e1rio (CIMI), trata-se de um importante julgamento com consequ\u00eancias para todos os povos ind\u00edgenas do pa\u00eds.<\/p>\n<p style=\"text-align: justify;\">Em abril, o STF reconheceu a repercuss\u00e3o geral do Recurso Extraordin\u00e1rio (RE) 1.017.365, caso que discute uma reintegra\u00e7\u00e3o de posse movida contra o povo Xokleng, em Santa Catarina. Por isso, a Suprema Corte poder\u00e1 dar uma solu\u00e7\u00e3o definitiva aos conflitos envolvendo terras ind\u00edgenas no pa\u00eds, e garantir um respiro \u00e0s comunidades que se encontram, atualmente, pressionadas por poderosos setores econ\u00f4micos.<\/p>\n<p style=\"text-align: justify;\">Segundo o escrit\u00f3rio de advocacia do ex-presidente da OAB, Cezar Britto, que representa a CNBB no caso, o Recurso Extraordin\u00e1rio (RE) que chegou ao STF se refere ao caso em espec\u00edfico de Santa Catarina. Contudo, como a Suprema Corte reconheceu a repercuss\u00e3o geral da mat\u00e9ria fixou o seguinte tema de repercuss\u00e3o geral (Tema 1031): \u201cDefini\u00e7\u00e3o do estatuto jur\u00eddico-constitucional das rela\u00e7\u00f5es de posse das \u00e1reas de tradicional ocupa\u00e7\u00e3o ind\u00edgena \u00e0 luz das regras dispostas no artigo 231 do texto constitucional\u201d.<\/p>\n<p style=\"text-align: justify;\">O plen\u00e1rio da Suprema Corte avaliar\u00e1 em julgamento, ainda sem data marcada, o que a Constitui\u00e7\u00e3o de 1988 define sobre os direitos ind\u00edgenas sobre a posse da terra. No pedido para ser\u00a0<em>amicus curiae<\/em>, a CNBB se posicionou a favor dos ind\u00edgenas, argumentando que a quest\u00e3o n\u00e3o poderia ser definida sem considerar que os povos s\u00e3o os ocupantes originais da terra e que, em fun\u00e7\u00e3o de n\u00e3o ter suas terras demarcadas, vem sofrendo viol\u00eancia desde a ocupa\u00e7\u00e3o portuguesa no Brasil.<\/p>\n<p style=\"text-align: justify;\"><strong>Entenda o caso que deu origem \u00e0 vota\u00e7\u00e3o no STF:<\/strong><\/p>\n<blockquote class=\"wp-embedded-content\"><p><a href=\"https:\/\/cimi.org.br\/2019\/04\/caso-repercussao-geral-stf-pode-definir-futuro-povos-indigenas-brasil\/\">Caso de repercuss\u00e3o geral no STF pode definir o futuro dos povos ind\u00edgenas do Brasil<\/a><\/p><\/blockquote>\n<p style=\"text-align: justify;\"><iframe loading=\"lazy\" class=\"wp-embedded-content\" src=\"https:\/\/cimi.org.br\/2019\/04\/caso-repercussao-geral-stf-pode-definir-futuro-povos-indigenas-brasil\/embed\/#?secret=tm0NWncbQf#?secret=fybddt1bd9\" width=\"600\" height=\"280\" frameborder=\"0\" data-secret=\"fybddt1bd9\" data-mce-fragment=\"1\"><\/iframe><\/p>\n<p style=\"text-align: justify;\"><strong>Foto de capa:<\/strong>\u00a0APIB<\/p>\n<p style=\"text-align: justify;\">Com informa\u00e7\u00f5es do\u00a0<a href=\"https:\/\/cimi.org.br\/\">Conselho Indigenista Mission\u00e1rio (CIMI)<\/a><\/p>\n","protected":false},"excerpt":{"rendered":"<p>O Supremo Tribunal Federal (STF) aceitou um pedido da Confer\u00eancia Nacional dos Bispos do Brasil (CNBB) e vai ouvi-la como \u201camicus curiae\u201d em julgamento que vai definir o marco temporal para a demarca\u00e7\u00e3o de terras ind\u00edgenas do Brasil. O \u201camicus curiae\u201d fornece subs\u00eddios \u00e0 decis\u00e3o da Suprema Corte em julgamentos na corte. Segundo o Conselho [&hellip;]<\/p>\n","protected":false},"author":1,"featured_media":61487,"comment_status":"open","ping_status":"closed","sticky":false,"template":"","format":"standard","meta":{"footnotes":""},"categories":[7],"tags":[],"class_list":["post-61486","post","type-post","status-publish","format-standard","has-post-thumbnail","hentry","category-cnbb"],"_links":{"self":[{"href":"https:\/\/catolicanet.net\/wp-cnet\/wp-json\/wp\/v2\/posts\/61486","targetHints":{"allow":["GET"]}}],"collection":[{"href":"https:\/\/catolicanet.net\/wp-cnet\/wp-json\/wp\/v2\/posts"}],"about":[{"href":"https:\/\/catolicanet.net\/wp-cnet\/wp-json\/wp\/v2\/types\/post"}],"author":[{"embeddable":true,"href":"https:\/\/catolicanet.net\/wp-cnet\/wp-json\/wp\/v2\/users\/1"}],"replies":[{"embeddable":true,"href":"https:\/\/catolicanet.net\/wp-cnet\/wp-json\/wp\/v2\/comments?post=61486"}],"version-history":[{"count":1,"href":"https:\/\/catolicanet.net\/wp-cnet\/wp-json\/wp\/v2\/posts\/61486\/revisions"}],"predecessor-version":[{"id":61488,"href":"https:\/\/catolicanet.net\/wp-cnet\/wp-json\/wp\/v2\/posts\/61486\/revisions\/61488"}],"wp:featuredmedia":[{"embeddable":true,"href":"https:\/\/catolicanet.net\/wp-cnet\/wp-json\/wp\/v2\/media\/61487"}],"wp:attachment":[{"href":"https:\/\/catolicanet.net\/wp-cnet\/wp-json\/wp\/v2\/media?parent=61486"}],"wp:term":[{"taxonomy":"category","embeddable":true,"href":"https:\/\/catolicanet.net\/wp-cnet\/wp-json\/wp\/v2\/categories?post=61486"},{"taxonomy":"post_tag","embeddable":true,"href":"https:\/\/catolicanet.net\/wp-cnet\/wp-json\/wp\/v2\/tags?post=61486"}],"curies":[{"name":"wp","href":"https:\/\/api.w.org\/{rel}","templated":true}]}}