{"id":6146,"date":"2015-07-28T17:17:32","date_gmt":"2015-07-28T20:17:32","guid":{"rendered":"http:\/\/catolicanet.net\/wp-cnet\/evangelizar-com-humildade-um-desafio-diario-para-quem-faz-comentarios-nas-redes-sociais\/"},"modified":"2017-04-10T15:36:51","modified_gmt":"2017-04-10T18:36:51","slug":"evangelizar-com-humildade-um-desafio-diario-para-quem-faz-comentarios-nas-redes-sociais","status":"publish","type":"post","link":"https:\/\/catolicanet.net\/wp-cnet\/evangelizar-com-humildade-um-desafio-diario-para-quem-faz-comentarios-nas-redes-sociais\/","title":{"rendered":"Evangelizar com humildade: um desafio di\u00e1rio para quem faz coment\u00e1rios nas redes sociais"},"content":{"rendered":"<p style=\"text-align: center;\"><img decoding=\"async\" src=\"http:\/\/catolicanet.com.br\/images\/stories\/evangelizar.jpg\" border=\"0\" \/>,<\/p>\n<p>A verdade \u00e9 uma s\u00f3 &#8211; ou n\u00e3o \u00e9 verdade. O problema \u00e9 a arrog\u00e2ncia com que se tenta defend\u00ea-la.<\/p>\n<p>&#8220;Ide e pregai o evangelho a toda criatura&#8221; nos autoriza e nos incentiva a levar a Palavra de Deus a todo o mundo: algo de muito nobre que todo cat\u00f3lico deve fazer. Ao contr\u00e1rio do que pode parecer \u00e0 primeira vista, a evangeliza\u00e7\u00e3o n\u00e3o \u00e9 s\u00f3 pregar e defender a B\u00edblia. \u00c9 muito mais do que isso e pode acontecer nos gestos mais simples. Nossa Senhora foi dona-de-casa. H\u00e1 algo mais simples que isso? Madre Teresa de Calcut\u00e1 agia muito mais do que falava. Evangeliza-se das mais variadas &#8211; e simples &#8211; formas no dia-a-dia.<\/p>\n<p>Infelizmente, at\u00e9 nisto existe tenta\u00e7\u00e3o. A pior delas n\u00e3o \u00e9 a pregui\u00e7a, a falta de conhecimentos ou falta de coragem. O que mais atrapalha \u00e9 a falta de humildade: quando a pessoa chega a um ponto em que, por estar do lado da Verdade, assume a postura de que ela est\u00e1 sempre certa e quem pensa o contr\u00e1rio est\u00e1 sempre errado. Neste momento, deixou-se de ser evangelizador.<\/p>\n<p>Obviamente, n\u00e3o existem duas verdades: a verdade \u00e9 uma s\u00f3 ou n\u00e3o \u00e9 verdade. O problema \u00e9 a arrog\u00e2ncia. A melhor forma de evangelizar, e ouso arriscar que \u00e9 a \u00fanica que funciona, \u00e9 ser humildes. O papa Francisco d\u00e1 um belo exemplo disso. Ele, que n\u00e3o tem muitas travas na l\u00edngua e fala sempre o que pensa, \u00e9 de uma gentileza enorme ao lidar com pessoas e problemas. N\u00e3o acusa ningu\u00e9m, n\u00e3o ofende ningu\u00e9m, ouve a todos com a mesma paci\u00eancia e calma e suas respostas s\u00e3o ponderadas e tranquilas. Por isso mesmo, repercutem no mundo inteiro. Ele repete o exemplo de Jesus Cristo, que n\u00e3o tinha a postura do \u201cEu estou certo e voc\u00ea errado\u201d quando tratava os maiores pecadores.<\/p>\n<p>Um local f\u00e1cil de verificar essa tentativa de evangeliza\u00e7\u00e3o arrogante s\u00e3o os coment\u00e1rios das redes sociais, principalmente quando, de algum forma, o assunto aborda algo relativo \u00e0 religi\u00e3o. N\u00e3o \u00e9 preciso ler muitos coment\u00e1rios para encontrar trocas de acusa\u00e7\u00f5es e ofensas. At\u00e9 se percebe o intuito de defender pontos-chaves, mas, quando se passa dos limites da humildade e do respeito, acontecem agress\u00f5es. E nem \u00e9 preciso dar explica\u00e7\u00f5es teol\u00f3gicas para demonstrar que isto n\u00e3o funciona. Basta pensar que ningu\u00e9m gosta de ser agredido.<\/p>\n<p>Evangelizar \u00e9 parte crucial da vida cat\u00f3lica. A humildade \u00e9 parte crucial da evangeliza\u00e7\u00e3o.<\/p>\n<p>Fonte: Aleteia<\/p>\n","protected":false},"excerpt":{"rendered":"<p>, A verdade \u00e9 uma s\u00f3 &#8211; ou n\u00e3o \u00e9 verdade. O problema \u00e9 a arrog\u00e2ncia com que se tenta defend\u00ea-la. &#8220;Ide e pregai o evangelho a toda criatura&#8221; nos autoriza e nos incentiva a levar a Palavra de Deus a todo o mundo: algo de muito nobre que todo cat\u00f3lico deve fazer. Ao contr\u00e1rio [&hellip;]<\/p>\n","protected":false},"author":1,"featured_media":0,"comment_status":"closed","ping_status":"closed","sticky":false,"template":"","format":"standard","meta":{"footnotes":""},"categories":[4],"tags":[],"class_list":["post-6146","post","type-post","status-publish","format-standard","hentry","category-cotidiano"],"_links":{"self":[{"href":"https:\/\/catolicanet.net\/wp-cnet\/wp-json\/wp\/v2\/posts\/6146","targetHints":{"allow":["GET"]}}],"collection":[{"href":"https:\/\/catolicanet.net\/wp-cnet\/wp-json\/wp\/v2\/posts"}],"about":[{"href":"https:\/\/catolicanet.net\/wp-cnet\/wp-json\/wp\/v2\/types\/post"}],"author":[{"embeddable":true,"href":"https:\/\/catolicanet.net\/wp-cnet\/wp-json\/wp\/v2\/users\/1"}],"replies":[{"embeddable":true,"href":"https:\/\/catolicanet.net\/wp-cnet\/wp-json\/wp\/v2\/comments?post=6146"}],"version-history":[{"count":1,"href":"https:\/\/catolicanet.net\/wp-cnet\/wp-json\/wp\/v2\/posts\/6146\/revisions"}],"predecessor-version":[{"id":10960,"href":"https:\/\/catolicanet.net\/wp-cnet\/wp-json\/wp\/v2\/posts\/6146\/revisions\/10960"}],"wp:attachment":[{"href":"https:\/\/catolicanet.net\/wp-cnet\/wp-json\/wp\/v2\/media?parent=6146"}],"wp:term":[{"taxonomy":"category","embeddable":true,"href":"https:\/\/catolicanet.net\/wp-cnet\/wp-json\/wp\/v2\/categories?post=6146"},{"taxonomy":"post_tag","embeddable":true,"href":"https:\/\/catolicanet.net\/wp-cnet\/wp-json\/wp\/v2\/tags?post=6146"}],"curies":[{"name":"wp","href":"https:\/\/api.w.org\/{rel}","templated":true}]}}