{"id":6144,"date":"2015-07-28T16:55:10","date_gmt":"2015-07-28T19:55:10","guid":{"rendered":"http:\/\/catolicanet.net\/wp-cnet\/card-filoni-a-preocupacao-do-papa-pela-heroica-igreja-iraquiana-2\/"},"modified":"2017-04-10T15:38:05","modified_gmt":"2017-04-10T18:38:05","slug":"card-filoni-a-preocupacao-do-papa-pela-heroica-igreja-iraquiana-2","status":"publish","type":"post","link":"https:\/\/catolicanet.net\/wp-cnet\/card-filoni-a-preocupacao-do-papa-pela-heroica-igreja-iraquiana-2\/","title":{"rendered":"Card. Filoni: a preocupa\u00e7\u00e3o do Papa pela \u201cher\u00f3ica\u201d Igreja iraquiana"},"content":{"rendered":"<p><img decoding=\"async\" src=\"http:\/\/catolicanet.com.br\/images\/stories\/noticias\/igreja iraquiana.jpg\" border=\"0\" align=\"left\" \/>\u201cA Igreja no Iraque\u201d: este \u00e9 o t\u00edtulo do livro escrito pelo Card. Filoni, Prefeito da Congrega\u00e7\u00e3o para a Evangeliza\u00e7\u00e3o dos Povos. A obra recorda a hist\u00f3ria, a evolu\u00e7\u00e3o e a miss\u00e3o da Igreja iraquiana, desde o in\u00edcio at\u00e9 os nossos dias. \u201cUma Igreja her\u00f3ica\u201d, como a definiram Bento XVI e Papa Francisco, que tamb\u00e9m hoje est\u00e1 a dar um testemunho de f\u00e9 por causa das persegui\u00e7\u00f5es dos jihadistas do Estado Isl\u00e2mico.<\/p>\n<p>O Card. Filoni foi N\u00fancio Apost\u00f3lico no pa\u00eds por cinco anos, durante a Guerra do Golfo, e Francisco o enviou duas vezes em miss\u00e3o entre os refugiados iraquianos. Em entrevista \u00e0 R\u00e1dio Vaticano, o purpurado explicou quanto \u00e9 viva a preocupa\u00e7\u00e3o do Papa pelos crist\u00e3os iraquianos:<\/p>\n<p>\u00c9 viv\u00edssima por v\u00e1rios motivos. Antes de tudo porque os crist\u00e3os, neste momento, juntamente com outras pequenas minorias, s\u00e3o os pobres, realmente os pobres desta situa\u00e7\u00e3o, porque tiveram que abandonar tudo, n\u00e3o somente as pr\u00f3prias casas, mas tamb\u00e9m as suas propriedades. O Papa teve um papel importante \u2013 e todos reconhecem isso \u2013 por ter focalizado a aten\u00e7\u00e3o internacional sobre a situa\u00e7\u00e3o de guerra e dos nossos crist\u00e3os, que foram expulsos. A guerra \u00e9 sempre uma injusti\u00e7a. E aqui vemos que todas as popula\u00e7\u00f5es, e n\u00e3o somente as crist\u00e3s, tamb\u00e9m as mu\u00e7ulmanas e de outras minorias, sofrem as consequ\u00eancias da destrui\u00e7\u00e3o, da morte e das fam\u00edlias divididas.<\/p>\n<p>O Senhor foi N\u00fancio Apost\u00f3lico no Iraque justamente durante a Guerra do Golfo e voltou como enviado do Papa duas vezes ao Iraque. Como foi esta experi\u00eancia?<\/p>\n<p>O primeiro encontro foi chocante, porque nos encontr\u00e1vamos no meio de milhares de fam\u00edlias que haviam fugido e dormiam no ch\u00e3o, onde era poss\u00edvel, sob as \u00e1rvores, em situa\u00e7\u00f5es absolutamente desumanas, com um calor que durante o ver\u00e3o chega a 45, 48 graus. Portanto, podemos imaginar esta pobre popula\u00e7\u00e3o que fugiu sem \u00e1gua, sem condi\u00e7\u00f5es de viver dignamente e decentemente, com todos os problemas relacionados \u00e0s doen\u00e7as, \u00e0 alimenta\u00e7\u00e3o, \u00e0 \u00e1gua pot\u00e1vel. Foi um choque. A segunda visita foi para demonstrar aos nossos crist\u00e3os que encontrei que n\u00f3s n\u00e3o nos esquecemos deles: era um gesto, como o Papa diz com frequ\u00eancia, uma \u201ccar\u00edcia\u201d, uma car\u00edcia que n\u00e3o deve ser feita s\u00f3 uma vez, mas deve ser repetida para que sintam que estamos pr\u00f3ximos a eles. A segunda vez eu a defini como uma \u201cperegrina\u00e7\u00e3o\u201d porque era o per\u00edodo da Semana Santa e, portanto, via o calv\u00e1rio, o sofrimento e a via-sacra daquela gente. (BS\/BF)<\/p>\n<p>Fonte: Radio Vaticano<\/p>\n","protected":false},"excerpt":{"rendered":"<p>\u201cA Igreja no Iraque\u201d: este \u00e9 o t\u00edtulo do livro escrito pelo Card. Filoni, Prefeito da Congrega\u00e7\u00e3o para a Evangeliza\u00e7\u00e3o dos Povos. A obra recorda a hist\u00f3ria, a evolu\u00e7\u00e3o e a miss\u00e3o da Igreja iraquiana, desde o in\u00edcio at\u00e9 os nossos dias. \u201cUma Igreja her\u00f3ica\u201d, como a definiram Bento XVI e Papa Francisco, que tamb\u00e9m [&hellip;]<\/p>\n","protected":false},"author":1,"featured_media":0,"comment_status":"closed","ping_status":"closed","sticky":false,"template":"","format":"standard","meta":{"footnotes":""},"categories":[3],"tags":[],"class_list":["post-6144","post","type-post","status-publish","format-standard","hentry","category-vaticano"],"_links":{"self":[{"href":"https:\/\/catolicanet.net\/wp-cnet\/wp-json\/wp\/v2\/posts\/6144","targetHints":{"allow":["GET"]}}],"collection":[{"href":"https:\/\/catolicanet.net\/wp-cnet\/wp-json\/wp\/v2\/posts"}],"about":[{"href":"https:\/\/catolicanet.net\/wp-cnet\/wp-json\/wp\/v2\/types\/post"}],"author":[{"embeddable":true,"href":"https:\/\/catolicanet.net\/wp-cnet\/wp-json\/wp\/v2\/users\/1"}],"replies":[{"embeddable":true,"href":"https:\/\/catolicanet.net\/wp-cnet\/wp-json\/wp\/v2\/comments?post=6144"}],"version-history":[{"count":1,"href":"https:\/\/catolicanet.net\/wp-cnet\/wp-json\/wp\/v2\/posts\/6144\/revisions"}],"predecessor-version":[{"id":10962,"href":"https:\/\/catolicanet.net\/wp-cnet\/wp-json\/wp\/v2\/posts\/6144\/revisions\/10962"}],"wp:attachment":[{"href":"https:\/\/catolicanet.net\/wp-cnet\/wp-json\/wp\/v2\/media?parent=6144"}],"wp:term":[{"taxonomy":"category","embeddable":true,"href":"https:\/\/catolicanet.net\/wp-cnet\/wp-json\/wp\/v2\/categories?post=6144"},{"taxonomy":"post_tag","embeddable":true,"href":"https:\/\/catolicanet.net\/wp-cnet\/wp-json\/wp\/v2\/tags?post=6144"}],"curies":[{"name":"wp","href":"https:\/\/api.w.org\/{rel}","templated":true}]}}