{"id":6143,"date":"2015-07-27T18:09:27","date_gmt":"2015-07-27T21:09:27","guid":{"rendered":"http:\/\/catolicanet.net\/wp-cnet\/dom-odilon-guimaraes-sofre-acidente-em-caratinga\/"},"modified":"2017-04-10T15:39:02","modified_gmt":"2017-04-10T18:39:02","slug":"dom-odilon-guimaraes-sofre-acidente-em-caratinga","status":"publish","type":"post","link":"https:\/\/catolicanet.net\/wp-cnet\/dom-odilon-guimaraes-sofre-acidente-em-caratinga\/","title":{"rendered":"Dom Odilon Guimar\u00e3es sofre acidente em Caratinga"},"content":{"rendered":"<p style=\"text-align: justify;\">\n<p><img decoding=\"async\" src=\"http:\/\/catolicanet.com.br\/images\/stories\/geral\/caratinga.jpg\" border=\"0\" align=\"left\" \/>O bispo em\u00e9rito da diocese Itabira-Coronel Fabriciano (MG), dom Odilon Guimar\u00e3es Moreira, sofreu um grave acidente de tr\u00e2nsito na tarde do \u00faltimo domingo, 26, em um trecho do per\u00edmetro urbano de Caratinga (MG).<\/p>\n<p>O carro que o bispo dirigia colidiu com um poste e a acompanhante do ve\u00edculo, Rita de C\u00e1ssia Leal, de 89 anos, n\u00e3o resistiu aos ferimentos e faleceu. Dom Odilon foi atendido e passa bem.<\/p>\n<p>As causas e circunst\u00e2ncias do acidente ainda ser\u00e3o apuradas pela per\u00edcia, mas testemunhas afirmam que o bispo teria sido fechado por uma carreta.<\/p>\n<p>Colaboradora<\/p>\n<p>A diocese Itabira-Coronel Fabriciano afirmou que a senhora Rita de C\u00e1ssia foi colaboradora de dom Odilon por muitas d\u00e9cadas, desde sua \u00e9poca como sacerdote.<\/p>\n<p>Segundo nota divulgada pelo Departamento de Comunica\u00e7\u00e3o da diocese de Itabira-Cel. Fabriciano, o estado de sa\u00fade do bispo \u00e9 bom e \u201csua dor \u00e9 emocional, uma vez que Rita era uma pessoa muito pr\u00f3xima, convivia com ele h\u00e1 d\u00e9cadas e cuidava de todas as suas coisas\u201d.<\/p>\n<p>Nesta segunda-feira, 27, uma missa de corpo presente ter\u00e1 a presen\u00e7a do bispo de Itabira-Cel. Fabriciano, dom Marco Aur\u00e9lio Gubiotti, com padres, leigos e amigos, na Matriz Nossa Senhora da Concei\u00e7\u00e3o, em Caratinga, \u00e0s 15h. O sepultamento ocorrer\u00e1 em seguida, no Cemit\u00e9rio S\u00e3o Jo\u00e3o Batista.<\/p>\n<p style=\"text-align: justify;\">Fonte: CNBB<\/p>\n","protected":false},"excerpt":{"rendered":"<p>O bispo em\u00e9rito da diocese Itabira-Coronel Fabriciano (MG), dom Odilon Guimar\u00e3es Moreira, sofreu um grave acidente de tr\u00e2nsito na tarde do \u00faltimo domingo, 26, em um trecho do per\u00edmetro urbano de Caratinga (MG). O carro que o bispo dirigia colidiu com um poste e a acompanhante do ve\u00edculo, Rita de C\u00e1ssia Leal, de 89 anos, [&hellip;]<\/p>\n","protected":false},"author":1,"featured_media":0,"comment_status":"closed","ping_status":"closed","sticky":false,"template":"","format":"standard","meta":{"footnotes":""},"categories":[7],"tags":[],"class_list":["post-6143","post","type-post","status-publish","format-standard","hentry","category-cnbb"],"_links":{"self":[{"href":"https:\/\/catolicanet.net\/wp-cnet\/wp-json\/wp\/v2\/posts\/6143","targetHints":{"allow":["GET"]}}],"collection":[{"href":"https:\/\/catolicanet.net\/wp-cnet\/wp-json\/wp\/v2\/posts"}],"about":[{"href":"https:\/\/catolicanet.net\/wp-cnet\/wp-json\/wp\/v2\/types\/post"}],"author":[{"embeddable":true,"href":"https:\/\/catolicanet.net\/wp-cnet\/wp-json\/wp\/v2\/users\/1"}],"replies":[{"embeddable":true,"href":"https:\/\/catolicanet.net\/wp-cnet\/wp-json\/wp\/v2\/comments?post=6143"}],"version-history":[{"count":1,"href":"https:\/\/catolicanet.net\/wp-cnet\/wp-json\/wp\/v2\/posts\/6143\/revisions"}],"predecessor-version":[{"id":10963,"href":"https:\/\/catolicanet.net\/wp-cnet\/wp-json\/wp\/v2\/posts\/6143\/revisions\/10963"}],"wp:attachment":[{"href":"https:\/\/catolicanet.net\/wp-cnet\/wp-json\/wp\/v2\/media?parent=6143"}],"wp:term":[{"taxonomy":"category","embeddable":true,"href":"https:\/\/catolicanet.net\/wp-cnet\/wp-json\/wp\/v2\/categories?post=6143"},{"taxonomy":"post_tag","embeddable":true,"href":"https:\/\/catolicanet.net\/wp-cnet\/wp-json\/wp\/v2\/tags?post=6143"}],"curies":[{"name":"wp","href":"https:\/\/api.w.org\/{rel}","templated":true}]}}